{"id":954429,"date":"2020-08-18T17:07:25","date_gmt":"2020-08-18T15:07:25","guid":{"rendered":"https:\/\/www.varesenews.it\/?p=954429"},"modified":"2020-08-20T12:38:07","modified_gmt":"2020-08-20T10:38:07","slug":"pro-patria-uscita-piacenza","status":"publish","type":"post","link":"https:\/\/staging.varesenews.it\/2020\/08\/pro-patria-uscita-piacenza\/954429\/","title":{"rendered":"Pro Patria, prima uscita con il Piacenza"},"content":{"rendered":"<p class=\"p1\">Se la stagione \u00e8 iniziata da circa una settimana, <strong>la Pro Patria<\/strong> inizia a pensare anche a disputare qualche test, anche se con le difficolt\u00e0 dovute alle norme anti-contagio.<\/p>\n<p class=\"p1\">La prima restrizione da rispettare sar\u00e0 il livello dell\u2019avversario: dovr\u00e0 per forza essere una squadra di professionistica, quindi dalla Serie C in su, cos\u00ec da avere <strong>tutti i giocatori e i membri dello staff sottoposti a controlli.<\/strong><\/p>\n<p class=\"p1\">La prima amichevole per i ragazzi di mister Ivan Javorcic sar\u00e0 <strong>sabato 22 agosto contro il Piacenza<\/strong>. Il calcio d&#8217;inizio sar\u00e0 alle ore 18.00 e si giocher\u00e0 allo &#8220;Speroni&#8221; di Busto Arsizio. La societ\u00e0 sottolinea che la sfida sar\u00e0 <strong>a porte chiuse<\/strong>.<\/p>\n<blockquote class=\"wp-embedded-content\" data-secret=\"QsTq55wMsj\"><p><a href=\"https:\/\/www.varesenews.it\/2020\/08\/pro-patria-precampionato-mercato\/947443\/\">Pro Patria, precampionato e mercato<\/a><\/p><\/blockquote>\n<p><iframe class=\"wp-embedded-content\" sandbox=\"allow-scripts\" security=\"restricted\" style=\"position: absolute; clip: rect(1px, 1px, 1px, 1px);\" src=\"https:\/\/www.varesenews.it\/2020\/08\/pro-patria-precampionato-mercato\/947443\/embed\/#?secret=QsTq55wMsj\" data-secret=\"QsTq55wMsj\" width=\"500\" height=\"282\" title=\"&#8220;Pro Patria, precampionato e mercato&#8221; &#8212; VareseNews\" frameborder=\"0\" marginwidth=\"0\" marginheight=\"0\" scrolling=\"no\"><\/iframe><\/p>\n","protected":false},"excerpt":{"rendered":"<p>Sabato 22 agosto &#8211; ore 18.00 allo &#8220;Speroni&#8221; &#8211; i tigrotti svolgeranno il primo test a porte chiusecontro un avversario di Serie C<\/p>\n","protected":false},"author":37,"featured_media":0,"comment_status":"open","ping_status":"open","sticky":false,"template":"","format":"standard","meta":{"footnotes":""},"categories":[4,14],"tags":[144,94084,147],"acf":[],"yoast_head":"<!-- This site is optimized with the Yoast SEO plugin v20.1 - https:\/\/yoast.com\/wordpress\/plugins\/seo\/ -->\n<title>Pro Patria, prima uscita con il Piacenza<\/title>\n<meta name=\"description\" content=\"Sabato 22 agosto - ore 18.00 allo &quot;Speroni&quot; - i tigrotti svolgeranno il primo test a porte chiusecontro un avversario di Serie C\" \/>\n<meta name=\"robots\" content=\"noindex, follow, max-snippet:-1, max-image-preview:large, max-video-preview:-1\" \/>\n<meta property=\"og:locale\" content=\"it_IT\" \/>\n<meta property=\"og:type\" content=\"article\" \/>\n<meta property=\"og:title\" content=\"Pro Patria, prima uscita con il Piacenza\" \/>\n<meta property=\"og:description\" content=\"Sabato 22 agosto - ore 18.00 allo &quot;Speroni&quot; - i tigrotti svolgeranno il primo test a porte chiusecontro un avversario di Serie C\" \/>\n<meta property=\"og:url\" content=\"https:\/\/staging.varesenews.it\/2020\/08\/pro-patria-uscita-piacenza\/954429\/\" \/>\n<meta property=\"og:site_name\" content=\"VareseNews\" \/>\n<meta property=\"article:publisher\" content=\"https:\/\/www.facebook.com\/varesenews\" \/>\n<meta property=\"article:published_time\" content=\"2020-08-18T15:07:25+00:00\" \/>\n<meta property=\"article:modified_time\" content=\"2020-08-20T10:38:07+00:00\" \/>\n<meta name=\"author\" content=\"Francesco Mazzoleni\" \/>\n<meta name=\"twitter:card\" content=\"summary_large_image\" \/>\n<meta name=\"twitter:creator\" content=\"@fmazzof\" \/>\n<meta name=\"twitter:site\" content=\"@varesenews\" \/>\n<meta name=\"twitter:label1\" content=\"Scritto da\" \/>\n\t<meta name=\"twitter:data1\" content=\"Francesco Mazzoleni\" \/>\n\t<meta name=\"twitter:label2\" content=\"Tempo di lettura stimato\" \/>\n\t<meta name=\"twitter:data2\" content=\"1 minuto\" \/>\n<script type=\"application\/ld+json\" class=\"yoast-schema-graph\">{\"@context\":\"https:\/\/schema.org\",\"@graph\":[{\"@type\":\"WebPage\",\"@id\":\"https:\/\/staging.varesenews.it\/2020\/08\/pro-patria-uscita-piacenza\/954429\/\",\"url\":\"https:\/\/staging.varesenews.it\/2020\/08\/pro-patria-uscita-piacenza\/954429\/\",\"name\":\"Pro Patria, prima uscita con il Piacenza\",\"isPartOf\":{\"@id\":\"https:\/\/staging.varesenews.it\/#website\"},\"datePublished\":\"2020-08-18T15:07:25+00:00\",\"dateModified\":\"2020-08-20T10:38:07+00:00\",\"author\":{\"@id\":\"https:\/\/staging.varesenews.it\/#\/schema\/person\/e82236e79160d30d4e1f942004ac3038\"},\"description\":\"Sabato 22 agosto - ore 18.00 allo \\\"Speroni\\\" - i tigrotti svolgeranno il primo test a porte chiusecontro un avversario di Serie C\",\"breadcrumb\":{\"@id\":\"https:\/\/staging.varesenews.it\/2020\/08\/pro-patria-uscita-piacenza\/954429\/#breadcrumb\"},\"inLanguage\":\"it-IT\",\"potentialAction\":[{\"@type\":\"ReadAction\",\"target\":[\"https:\/\/staging.varesenews.it\/2020\/08\/pro-patria-uscita-piacenza\/954429\/\"]}]},{\"@type\":\"BreadcrumbList\",\"@id\":\"https:\/\/staging.varesenews.it\/2020\/08\/pro-patria-uscita-piacenza\/954429\/#breadcrumb\",\"itemListElement\":[{\"@type\":\"ListItem\",\"position\":1,\"name\":\"Home\",\"item\":\"https:\/\/www.varesenews.it\/\"},{\"@type\":\"ListItem\",\"position\":2,\"name\":\"Pro Patria, prima uscita con il Piacenza\"}]},{\"@type\":\"WebSite\",\"@id\":\"https:\/\/staging.varesenews.it\/#website\",\"url\":\"https:\/\/staging.varesenews.it\/\",\"name\":\"VareseNews\",\"description\":\"\",\"potentialAction\":[{\"@type\":\"SearchAction\",\"target\":{\"@type\":\"EntryPoint\",\"urlTemplate\":\"https:\/\/staging.varesenews.it\/?s={search_term_string}\"},\"query-input\":\"required name=search_term_string\"}],\"inLanguage\":\"it-IT\"},{\"@type\":\"Person\",\"@id\":\"https:\/\/staging.varesenews.it\/#\/schema\/person\/e82236e79160d30d4e1f942004ac3038\",\"name\":\"Francesco Mazzoleni\",\"image\":{\"@type\":\"ImageObject\",\"inLanguage\":\"it-IT\",\"@id\":\"https:\/\/staging.varesenews.it\/#\/schema\/person\/image\/\",\"url\":\"https:\/\/staging.varesenews.it\/wp-content\/uploads\/2020\/12\/francesco_mazzoleni_colori_500-1.jpg\",\"contentUrl\":\"https:\/\/staging.varesenews.it\/wp-content\/uploads\/2020\/12\/francesco_mazzoleni_colori_500-1.jpg\",\"caption\":\"Francesco Mazzoleni\"},\"description\":\"\\\"Uomo di campo\\\" della redazione sportiva. Nutro una vera passione per il calcio, che sia ad alti livelli, sui campi di provincia o in altri continenti. Sono nato a Varese nel 1984, vivo da sempre a Malnate e ho una laurea in Scienze Motorie. Ho mosso i primi passi a VareseNews da stagista nel 2002; nel 2008 ho iniziato a collaborare con maggiore continuit\u00e0 e dal 2018 sono giornalista professionista. Orgoglioso pap\u00e0 di Federico e Adelaide.\",\"sameAs\":[\"fmazzof\",\"it.linkedin.com\/in\/francescomazzolenif\",\"https:\/\/twitter.com\/fmazzof\"],\"url\":\"https:\/\/staging.varesenews.it\/persona\/francesco_mazzoleniferracini\/\"}]}<\/script>\n<!-- \/ Yoast SEO plugin. -->","yoast_head_json":{"title":"Pro Patria, prima uscita con il Piacenza","description":"Sabato 22 agosto - ore 18.00 allo \"Speroni\" - i tigrotti svolgeranno il primo test a porte chiusecontro un avversario di Serie C","robots":{"index":"noindex","follow":"follow","max-snippet":"max-snippet:-1","max-image-preview":"max-image-preview:large","max-video-preview":"max-video-preview:-1"},"og_locale":"it_IT","og_type":"article","og_title":"Pro Patria, prima uscita con il Piacenza","og_description":"Sabato 22 agosto - ore 18.00 allo \"Speroni\" - i tigrotti svolgeranno il primo test a porte chiusecontro un avversario di Serie C","og_url":"https:\/\/staging.varesenews.it\/2020\/08\/pro-patria-uscita-piacenza\/954429\/","og_site_name":"VareseNews","article_publisher":"https:\/\/www.facebook.com\/varesenews","article_published_time":"2020-08-18T15:07:25+00:00","article_modified_time":"2020-08-20T10:38:07+00:00","author":"Francesco Mazzoleni","twitter_card":"summary_large_image","twitter_creator":"@fmazzof","twitter_site":"@varesenews","twitter_misc":{"Scritto da":"Francesco Mazzoleni","Tempo di lettura stimato":"1 minuto"},"schema":{"@context":"https:\/\/schema.org","@graph":[{"@type":"WebPage","@id":"https:\/\/staging.varesenews.it\/2020\/08\/pro-patria-uscita-piacenza\/954429\/","url":"https:\/\/staging.varesenews.it\/2020\/08\/pro-patria-uscita-piacenza\/954429\/","name":"Pro Patria, prima uscita con il Piacenza","isPartOf":{"@id":"https:\/\/staging.varesenews.it\/#website"},"datePublished":"2020-08-18T15:07:25+00:00","dateModified":"2020-08-20T10:38:07+00:00","author":{"@id":"https:\/\/staging.varesenews.it\/#\/schema\/person\/e82236e79160d30d4e1f942004ac3038"},"description":"Sabato 22 agosto - ore 18.00 allo \"Speroni\" - i tigrotti svolgeranno il primo test a porte chiusecontro un avversario di Serie C","breadcrumb":{"@id":"https:\/\/staging.varesenews.it\/2020\/08\/pro-patria-uscita-piacenza\/954429\/#breadcrumb"},"inLanguage":"it-IT","potentialAction":[{"@type":"ReadAction","target":["https:\/\/staging.varesenews.it\/2020\/08\/pro-patria-uscita-piacenza\/954429\/"]}]},{"@type":"BreadcrumbList","@id":"https:\/\/staging.varesenews.it\/2020\/08\/pro-patria-uscita-piacenza\/954429\/#breadcrumb","itemListElement":[{"@type":"ListItem","position":1,"name":"Home","item":"https:\/\/www.varesenews.it\/"},{"@type":"ListItem","position":2,"name":"Pro Patria, prima uscita con il Piacenza"}]},{"@type":"WebSite","@id":"https:\/\/staging.varesenews.it\/#website","url":"https:\/\/staging.varesenews.it\/","name":"VareseNews","description":"","potentialAction":[{"@type":"SearchAction","target":{"@type":"EntryPoint","urlTemplate":"https:\/\/staging.varesenews.it\/?s={search_term_string}"},"query-input":"required name=search_term_string"}],"inLanguage":"it-IT"},{"@type":"Person","@id":"https:\/\/staging.varesenews.it\/#\/schema\/person\/e82236e79160d30d4e1f942004ac3038","name":"Francesco Mazzoleni","image":{"@type":"ImageObject","inLanguage":"it-IT","@id":"https:\/\/staging.varesenews.it\/#\/schema\/person\/image\/","url":"https:\/\/staging.varesenews.it\/wp-content\/uploads\/2020\/12\/francesco_mazzoleni_colori_500-1.jpg","contentUrl":"https:\/\/staging.varesenews.it\/wp-content\/uploads\/2020\/12\/francesco_mazzoleni_colori_500-1.jpg","caption":"Francesco Mazzoleni"},"description":"\"Uomo di campo\" della redazione sportiva. Nutro una vera passione per il calcio, che sia ad alti livelli, sui campi di provincia o in altri continenti. Sono nato a Varese nel 1984, vivo da sempre a Malnate e ho una laurea in Scienze Motorie. Ho mosso i primi passi a VareseNews da stagista nel 2002; nel 2008 ho iniziato a collaborare con maggiore continuit\u00e0 e dal 2018 sono giornalista professionista. Orgoglioso pap\u00e0 di Federico e Adelaide.","sameAs":["fmazzof","it.linkedin.com\/in\/francescomazzolenif","https:\/\/twitter.com\/fmazzof"],"url":"https:\/\/staging.varesenews.it\/persona\/francesco_mazzoleniferracini\/"}]}},"post_meta":{"_edit_lock":"1597919770:37","_edit_last":"37","_oembed_52c257c03d8371315dbb621ce7f557c0":"<blockquote class=\"wp-embedded-content\" data-secret=\"QsTq55wMsj\"><a href=\"https:\/\/www.varesenews.it\/2020\/08\/pro-patria-precampionato-mercato\/947443\/\">Pro Patria, precampionato e mercato<\/a><\/blockquote><iframe class=\"wp-embedded-content\" sandbox=\"allow-scripts\" security=\"restricted\" style=\"position: absolute; clip: rect(1px, 1px, 1px, 1px);\" src=\"https:\/\/www.varesenews.it\/2020\/08\/pro-patria-precampionato-mercato\/947443\/embed\/#?secret=QsTq55wMsj\" data-secret=\"QsTq55wMsj\" width=\"500\" height=\"282\" title=\"&#8220;Pro Patria, precampionato e mercato&#8221; &#8212; VareseNews\" frameborder=\"0\" marginwidth=\"0\" marginheight=\"0\" scrolling=\"no\"><\/iframe>","_oembed_time_52c257c03d8371315dbb621ce7f557c0":"1597919895","_category_permalink":"a:1:{s:8:\"category\";s:2:\"14\";}","_encloseme":"1","ratings_users":"0","ratings_score":"0","ratings_average":"0","argomento":"Calcio","_yoast_wpseo_content_score":"30","_jd_tweet_this":"yes","_wpt_short_url":"https:\/\/www.varesenews.it\/2020\/08\/pro-patria-uscita-piacenza\/954429\/","_wp_jd_target":"https:\/\/www.varesenews.it\/2020\/08\/pro-patria-uscita-piacenza\/954429\/","_jd_wp_twitter":"a:1:{i:0;s:144:\"Pro Patria, prima uscita con il Piacenza https:\/\/www.varesenews.it\/2020\/08\/pro-patria-uscita-piacenza\/954429\/ #calcio #piacenzacalcio #ProPatria\";}","_wpt_status_message":"Tweet inviato con successo.","foto":"1169126"},"photos":[{"original":"https:\/\/staging.varesenews.it\/photogallery_new\/images\/2020\/08\/pro-patria-presentata-la-stagione-2020-2021-1169126.jpg","full":"https:\/\/staging.varesenews.it\/photogallery_new\/images\/2020\/08\/pro-patria-presentata-la-stagione-2020-2021-1169126.1024x768.jpg","large":"https:\/\/staging.varesenews.it\/photogallery_new\/images\/2020\/08\/pro-patria-presentata-la-stagione-2020-2021-1169126.610x431.jpg"}],"_links":{"self":[{"href":"https:\/\/staging.varesenews.it\/swgapi\/v1\/wp\/v2\/posts\/954429"}],"collection":[{"href":"https:\/\/staging.varesenews.it\/swgapi\/v1\/wp\/v2\/posts"}],"about":[{"href":"https:\/\/staging.varesenews.it\/swgapi\/v1\/wp\/v2\/types\/post"}],"author":[{"embeddable":true,"href":"https:\/\/staging.varesenews.it\/swgapi\/v1\/wp\/v2\/users\/37"}],"replies":[{"embeddable":true,"href":"https:\/\/staging.varesenews.it\/swgapi\/v1\/wp\/v2\/comments?post=954429"}],"version-history":[{"count":0,"href":"https:\/\/staging.varesenews.it\/swgapi\/v1\/wp\/v2\/posts\/954429\/revisions"}],"wp:attachment":[{"href":"https:\/\/staging.varesenews.it\/swgapi\/v1\/wp\/v2\/media?parent=954429"}],"wp:term":[{"taxonomy":"category","embeddable":true,"href":"https:\/\/staging.varesenews.it\/swgapi\/v1\/wp\/v2\/categories?post=954429"},{"taxonomy":"post_tag","embeddable":true,"href":"https:\/\/staging.varesenews.it\/swgapi\/v1\/wp\/v2\/tags?post=954429"}],"curies":[{"name":"wp","href":"https:\/\/api.w.org\/{rel}","templated":true}]}}