{"id":956864,"date":"2020-09-01T13:59:06","date_gmt":"2020-09-01T11:59:06","guid":{"rendered":"https:\/\/www.varesenews.it\/?p=956864"},"modified":"2020-09-01T14:01:39","modified_gmt":"2020-09-01T12:01:39","slug":"varese-ripartono-nidi-materne-comune-convoca-genitori","status":"publish","type":"post","link":"https:\/\/staging.varesenews.it\/2020\/09\/varese-ripartono-nidi-materne-comune-convoca-genitori\/956864\/","title":{"rendered":"Varese, ripartono nidi e materne: il Comune &#8220;convoca&#8221; i genitori"},"content":{"rendered":"<p align=\"JUSTIFY\">Due certezze per <strong>asili nido<\/strong> e <strong>scuole dell&#8217;infanzia<\/strong> del <strong>Comune di Varese<\/strong>. La prima \u00e8 la data di riapertura: si ripartir\u00e0 <strong>luned\u00ec 7 settembre<\/strong>. La seconda, poi, \u00e8 data dalle misure di sicurezza per il contrasto alla pandemia da coronavirus, che si delineano anche grazie a <strong>ingressi scaglionati per orario e, per i nuovi iscritti<\/strong>, in <strong>diverse giornate di inserimento<\/strong>. I calendari dettagliati sono in questi giorni comunicati alle famiglie attraverso riunioni in videoconferenza; appuntamenti che ogni scuola ha organizzato e che sono cominciati nella serata di ieri. Per quanto riguarda le primarie, dove diversi sono stati ad agosto i lavori di adeguamento degli spazi, \u00e8 invece prevista per <strong>sabato prossimo, 5 settembre, una serie di incontri nella tensostruttura dei Giardini Estensi.<\/strong><\/p>\n<p align=\"JUSTIFY\">\u00abIl nostro obiettivo \u2013 spiega l&#8217;assessora ai <strong>Servizi educativi Rossella Dimaggio<\/strong> \u2013 \u00e8 sempre stato quello di ripartire con il nuovo anno garantendo la necessaria sicurezza agli alunni, agli insegnanti, al personale tecnico, alle famiglie varesine. Per questo, oltre alla precisa scansione adottata nel dare il via al 2020\/2021, ogni istituto \u00e8 stato poi dotato di <strong>tutto il materiale necessario per la sanificazione<\/strong>. Poter riaprire nidi e scuole dell&#8217;infanzia luned\u00ec prossimo \u00e8 un traguardo importante e assolutamente non scontato; per arrivarci abbiamo lavorato ininterrottamente tutta l&#8217;estate e, anche per questa disponibilit\u00e0, ringrazio tutti coloro che hanno reso questo possibile. Un percorso simile, poi, \u00e8 stato studiato per le scuole primarie e, tra qualche giorno, <strong>riuniremo le famiglie per fare il punto anche sulla situazione dei servizi di mensa e doposcuola<\/strong>; incontri che, ovviamente, saranno a loro volta scaglionati e all&#8217;aperto, cos\u00ec da garantire la sicurezza di tutti. Il calendario dettagliato sar\u00e0 anche in quest&#8217;ultimo caso comunicato ai genitori non appena sar\u00e0 pronto\u00bb.<\/p>\n<p align=\"JUSTIFY\">I bambini che hanno gi\u00e0 frequentato lo scorso anno gli asili nido saranno accolti luned\u00ec prossimo in tre gruppi: il primo dalle 8.00 alle 10.00; il secondo dalle 10.30 alle 12.30; il terzo dalle 15.00 alle 17.00. Nello stesso giorno per le scuole dell&#8217;infanzia ingressi scaglionati ogni 10 minuti, a partire dalle 7.30 e fino alle 9.45.<br \/>\nSette, infine, le giornate dedicate ai nuovi iscritti. Per gli asili nidi gli ingressi avverranno ogni due settimane: il 14 e il 28 settembre e poi ancora il 12 e il 26 ottobre. Nelle scuole dell&#8217;infanzia, invece, la scansione prevede gli inserimenti il 14, il 21 e il 28 settembre.<\/p>\n","protected":false},"excerpt":{"rendered":"<p>Riunioni in videoconferenza con pap\u00e0 e mamma per comunicare calendario, date e orari. Per le primarie appuntamento sabato 5 ai Giardini Estensi<\/p>\n","protected":false},"author":49,"featured_media":0,"comment_status":"open","ping_status":"open","sticky":false,"template":"","format":"standard","meta":{"footnotes":""},"categories":[2],"tags":[6870,1776,19124],"acf":[],"yoast_head":"<!-- This site is optimized with the Yoast SEO plugin v20.1 - https:\/\/yoast.com\/wordpress\/plugins\/seo\/ -->\n<title>Varese, ripartono nidi e materne: il Comune &quot;convoca&quot; i genitori<\/title>\n<meta name=\"description\" content=\"Riunioni in videoconferenza con pap\u00e0 e mamma per comunicare calendario, date e orari. Per le primarie appuntamento sabato 5 ai Giardini Estensi\" \/>\n<meta name=\"robots\" content=\"noindex, follow, max-snippet:-1, max-image-preview:large, max-video-preview:-1\" \/>\n<meta property=\"og:locale\" content=\"it_IT\" \/>\n<meta property=\"og:type\" content=\"article\" \/>\n<meta property=\"og:title\" content=\"Varese, ripartono nidi e materne: il Comune &quot;convoca&quot; i genitori\" \/>\n<meta property=\"og:description\" content=\"Riunioni in videoconferenza con pap\u00e0 e mamma per comunicare calendario, date e orari. Per le primarie appuntamento sabato 5 ai Giardini Estensi\" \/>\n<meta property=\"og:url\" content=\"https:\/\/staging.varesenews.it\/2020\/09\/varese-ripartono-nidi-materne-comune-convoca-genitori\/956864\/\" \/>\n<meta property=\"og:site_name\" content=\"VareseNews\" \/>\n<meta property=\"article:publisher\" content=\"https:\/\/www.facebook.com\/varesenews\" \/>\n<meta property=\"article:author\" content=\"https:\/\/www.facebook.com\/roberta.bertolini.9\" \/>\n<meta property=\"article:published_time\" content=\"2020-09-01T11:59:06+00:00\" \/>\n<meta property=\"article:modified_time\" content=\"2020-09-01T12:01:39+00:00\" \/>\n<meta name=\"author\" content=\"Roberta Bertolini\" \/>\n<meta name=\"twitter:card\" content=\"summary_large_image\" \/>\n<meta name=\"twitter:creator\" content=\"@robybertolini\" \/>\n<meta name=\"twitter:site\" content=\"@varesenews\" \/>\n<meta name=\"twitter:label1\" content=\"Scritto da\" \/>\n\t<meta name=\"twitter:data1\" content=\"Roberta Bertolini\" \/>\n\t<meta name=\"twitter:label2\" content=\"Tempo di lettura stimato\" \/>\n\t<meta name=\"twitter:data2\" content=\"2 minuti\" \/>\n<script type=\"application\/ld+json\" class=\"yoast-schema-graph\">{\"@context\":\"https:\/\/schema.org\",\"@graph\":[{\"@type\":\"WebPage\",\"@id\":\"https:\/\/staging.varesenews.it\/2020\/09\/varese-ripartono-nidi-materne-comune-convoca-genitori\/956864\/\",\"url\":\"https:\/\/staging.varesenews.it\/2020\/09\/varese-ripartono-nidi-materne-comune-convoca-genitori\/956864\/\",\"name\":\"Varese, ripartono nidi e materne: il Comune \\\"convoca\\\" i genitori\",\"isPartOf\":{\"@id\":\"https:\/\/staging.varesenews.it\/#website\"},\"datePublished\":\"2020-09-01T11:59:06+00:00\",\"dateModified\":\"2020-09-01T12:01:39+00:00\",\"author\":{\"@id\":\"https:\/\/staging.varesenews.it\/#\/schema\/person\/58fbd3e567d5c00f0a64d5137fef3e68\"},\"description\":\"Riunioni in videoconferenza con pap\u00e0 e mamma per comunicare calendario, date e orari. Per le primarie appuntamento sabato 5 ai Giardini Estensi\",\"breadcrumb\":{\"@id\":\"https:\/\/staging.varesenews.it\/2020\/09\/varese-ripartono-nidi-materne-comune-convoca-genitori\/956864\/#breadcrumb\"},\"inLanguage\":\"it-IT\",\"potentialAction\":[{\"@type\":\"ReadAction\",\"target\":[\"https:\/\/staging.varesenews.it\/2020\/09\/varese-ripartono-nidi-materne-comune-convoca-genitori\/956864\/\"]}]},{\"@type\":\"BreadcrumbList\",\"@id\":\"https:\/\/staging.varesenews.it\/2020\/09\/varese-ripartono-nidi-materne-comune-convoca-genitori\/956864\/#breadcrumb\",\"itemListElement\":[{\"@type\":\"ListItem\",\"position\":1,\"name\":\"Home\",\"item\":\"https:\/\/www.varesenews.it\/\"},{\"@type\":\"ListItem\",\"position\":2,\"name\":\"Varese, ripartono nidi e materne: il Comune &#8220;convoca&#8221; i genitori\"}]},{\"@type\":\"WebSite\",\"@id\":\"https:\/\/staging.varesenews.it\/#website\",\"url\":\"https:\/\/staging.varesenews.it\/\",\"name\":\"VareseNews\",\"description\":\"\",\"potentialAction\":[{\"@type\":\"SearchAction\",\"target\":{\"@type\":\"EntryPoint\",\"urlTemplate\":\"https:\/\/staging.varesenews.it\/?s={search_term_string}\"},\"query-input\":\"required name=search_term_string\"}],\"inLanguage\":\"it-IT\"},{\"@type\":\"Person\",\"@id\":\"https:\/\/staging.varesenews.it\/#\/schema\/person\/58fbd3e567d5c00f0a64d5137fef3e68\",\"name\":\"Roberta Bertolini\",\"image\":{\"@type\":\"ImageObject\",\"inLanguage\":\"it-IT\",\"@id\":\"https:\/\/staging.varesenews.it\/#\/schema\/person\/image\/\",\"url\":\"https:\/\/staging.varesenews.it\/wp-content\/uploads\/2020\/12\/roberta_bertolini_colori_500.jpg\",\"contentUrl\":\"https:\/\/staging.varesenews.it\/wp-content\/uploads\/2020\/12\/roberta_bertolini_colori_500.jpg\",\"caption\":\"Roberta Bertolini\"},\"description\":\"Giornalista professionista dal 1991, sono passata, ormai molti anni fa, dalla carta al web. Oggi mi occupo di cronaca locale e guardo con curiosit&agrave; ed attenzione il mondo dei social. Parlo poco, ascolto molto.\",\"sameAs\":[\"https:\/\/www.facebook.com\/roberta.bertolini.9\",\"bettabertolini\",\"https:\/\/www.linkedin.com\/hp\/?dnr=v9e-Gp7a6_oxqTuQyZA0Lf4aEi4t91g6wMH\",\"https:\/\/twitter.com\/robybertolini\"],\"url\":\"https:\/\/staging.varesenews.it\/persona\/roberta-bertolini1\/\"}]}<\/script>\n<!-- \/ Yoast SEO plugin. -->","yoast_head_json":{"title":"Varese, ripartono nidi e materne: il Comune \"convoca\" i genitori","description":"Riunioni in videoconferenza con pap\u00e0 e mamma per comunicare calendario, date e orari. Per le primarie appuntamento sabato 5 ai Giardini Estensi","robots":{"index":"noindex","follow":"follow","max-snippet":"max-snippet:-1","max-image-preview":"max-image-preview:large","max-video-preview":"max-video-preview:-1"},"og_locale":"it_IT","og_type":"article","og_title":"Varese, ripartono nidi e materne: il Comune \"convoca\" i genitori","og_description":"Riunioni in videoconferenza con pap\u00e0 e mamma per comunicare calendario, date e orari. Per le primarie appuntamento sabato 5 ai Giardini Estensi","og_url":"https:\/\/staging.varesenews.it\/2020\/09\/varese-ripartono-nidi-materne-comune-convoca-genitori\/956864\/","og_site_name":"VareseNews","article_publisher":"https:\/\/www.facebook.com\/varesenews","article_author":"https:\/\/www.facebook.com\/roberta.bertolini.9","article_published_time":"2020-09-01T11:59:06+00:00","article_modified_time":"2020-09-01T12:01:39+00:00","author":"Roberta Bertolini","twitter_card":"summary_large_image","twitter_creator":"@robybertolini","twitter_site":"@varesenews","twitter_misc":{"Scritto da":"Roberta Bertolini","Tempo di lettura stimato":"2 minuti"},"schema":{"@context":"https:\/\/schema.org","@graph":[{"@type":"WebPage","@id":"https:\/\/staging.varesenews.it\/2020\/09\/varese-ripartono-nidi-materne-comune-convoca-genitori\/956864\/","url":"https:\/\/staging.varesenews.it\/2020\/09\/varese-ripartono-nidi-materne-comune-convoca-genitori\/956864\/","name":"Varese, ripartono nidi e materne: il Comune \"convoca\" i genitori","isPartOf":{"@id":"https:\/\/staging.varesenews.it\/#website"},"datePublished":"2020-09-01T11:59:06+00:00","dateModified":"2020-09-01T12:01:39+00:00","author":{"@id":"https:\/\/staging.varesenews.it\/#\/schema\/person\/58fbd3e567d5c00f0a64d5137fef3e68"},"description":"Riunioni in videoconferenza con pap\u00e0 e mamma per comunicare calendario, date e orari. Per le primarie appuntamento sabato 5 ai Giardini Estensi","breadcrumb":{"@id":"https:\/\/staging.varesenews.it\/2020\/09\/varese-ripartono-nidi-materne-comune-convoca-genitori\/956864\/#breadcrumb"},"inLanguage":"it-IT","potentialAction":[{"@type":"ReadAction","target":["https:\/\/staging.varesenews.it\/2020\/09\/varese-ripartono-nidi-materne-comune-convoca-genitori\/956864\/"]}]},{"@type":"BreadcrumbList","@id":"https:\/\/staging.varesenews.it\/2020\/09\/varese-ripartono-nidi-materne-comune-convoca-genitori\/956864\/#breadcrumb","itemListElement":[{"@type":"ListItem","position":1,"name":"Home","item":"https:\/\/www.varesenews.it\/"},{"@type":"ListItem","position":2,"name":"Varese, ripartono nidi e materne: il Comune &#8220;convoca&#8221; i genitori"}]},{"@type":"WebSite","@id":"https:\/\/staging.varesenews.it\/#website","url":"https:\/\/staging.varesenews.it\/","name":"VareseNews","description":"","potentialAction":[{"@type":"SearchAction","target":{"@type":"EntryPoint","urlTemplate":"https:\/\/staging.varesenews.it\/?s={search_term_string}"},"query-input":"required name=search_term_string"}],"inLanguage":"it-IT"},{"@type":"Person","@id":"https:\/\/staging.varesenews.it\/#\/schema\/person\/58fbd3e567d5c00f0a64d5137fef3e68","name":"Roberta Bertolini","image":{"@type":"ImageObject","inLanguage":"it-IT","@id":"https:\/\/staging.varesenews.it\/#\/schema\/person\/image\/","url":"https:\/\/staging.varesenews.it\/wp-content\/uploads\/2020\/12\/roberta_bertolini_colori_500.jpg","contentUrl":"https:\/\/staging.varesenews.it\/wp-content\/uploads\/2020\/12\/roberta_bertolini_colori_500.jpg","caption":"Roberta Bertolini"},"description":"Giornalista professionista dal 1991, sono passata, ormai molti anni fa, dalla carta al web. Oggi mi occupo di cronaca locale e guardo con curiosit&agrave; ed attenzione il mondo dei social. Parlo poco, ascolto molto.","sameAs":["https:\/\/www.facebook.com\/roberta.bertolini.9","bettabertolini","https:\/\/www.linkedin.com\/hp\/?dnr=v9e-Gp7a6_oxqTuQyZA0Lf4aEi4t91g6wMH","https:\/\/twitter.com\/robybertolini"],"url":"https:\/\/staging.varesenews.it\/persona\/roberta-bertolini1\/"}]}},"post_meta":{"_edit_lock":"1598961637:49","_edit_last":"49","_category_permalink":"a:1:{s:8:\"category\";s:0:\"\";}","_encloseme":"1","ratings_users":"0","ratings_score":"0","ratings_average":"0","foto":"680768","firma_come_redazione":"1","argomento":"Varese","_yoast_wpseo_content_score":"30","_jd_tweet_this":"yes","_wpt_short_url":"https:\/\/www.varesenews.it\/2020\/09\/varese-ripartono-nidi-materne-comune-convoca-genitori\/956864\/","_wp_jd_target":"https:\/\/www.varesenews.it\/2020\/09\/varese-ripartono-nidi-materne-comune-convoca-genitori\/956864\/","_jd_wp_twitter":"a:1:{i:0;s:204:\"Varese, ripartono nidi e materne: il Comune \u201cconvoca\u201d i genitori https:\/\/www.varesenews.it\/2020\/09\/varese-ripartono-nidi-materne-comune-convoca-genitori\/956864\/ #asilinido #scuolamaterna #scuolevarese\";}","_wpt_status_message":"Tweet inviato con successo."},"photos":[{"original":"https:\/\/staging.varesenews.it\/photogallery_new\/images\/2018\/06\/generico-2018-680768.jpg","full":"https:\/\/staging.varesenews.it\/photogallery_new\/images\/2018\/06\/generico-2018-680768.1024x768.jpg","large":"https:\/\/staging.varesenews.it\/photogallery_new\/images\/2018\/06\/generico-2018-680768.610x431.jpg"}],"_links":{"self":[{"href":"https:\/\/staging.varesenews.it\/swgapi\/v1\/wp\/v2\/posts\/956864"}],"collection":[{"href":"https:\/\/staging.varesenews.it\/swgapi\/v1\/wp\/v2\/posts"}],"about":[{"href":"https:\/\/staging.varesenews.it\/swgapi\/v1\/wp\/v2\/types\/post"}],"author":[{"embeddable":true,"href":"https:\/\/staging.varesenews.it\/swgapi\/v1\/wp\/v2\/users\/49"}],"replies":[{"embeddable":true,"href":"https:\/\/staging.varesenews.it\/swgapi\/v1\/wp\/v2\/comments?post=956864"}],"version-history":[{"count":0,"href":"https:\/\/staging.varesenews.it\/swgapi\/v1\/wp\/v2\/posts\/956864\/revisions"}],"wp:attachment":[{"href":"https:\/\/staging.varesenews.it\/swgapi\/v1\/wp\/v2\/media?parent=956864"}],"wp:term":[{"taxonomy":"category","embeddable":true,"href":"https:\/\/staging.varesenews.it\/swgapi\/v1\/wp\/v2\/categories?post=956864"},{"taxonomy":"post_tag","embeddable":true,"href":"https:\/\/staging.varesenews.it\/swgapi\/v1\/wp\/v2\/tags?post=956864"}],"curies":[{"name":"wp","href":"https:\/\/api.w.org\/{rel}","templated":true}]}}