{"id":957237,"date":"2020-09-02T15:01:39","date_gmt":"2020-09-02T13:01:39","guid":{"rendered":"https:\/\/www.varesenews.it\/?p=957237"},"modified":"2020-09-02T15:01:39","modified_gmt":"2020-09-02T13:01:39","slug":"test-medicina-chirurgia-sara-un-esame-record","status":"publish","type":"post","link":"https:\/\/staging.varesenews.it\/2020\/09\/test-medicina-chirurgia-sara-un-esame-record\/957237\/","title":{"rendered":"Test di medicina e chirurgia: sar\u00e0 un esame &#8220;da record&#8221;"},"content":{"rendered":"<p>Vigilia di grandi lavori a <strong>Malpensa Fiere a Busto Arsizio e Lario Fiera a Erba.<\/strong><\/p>\n<p>Domani, <strong>l\u2019Universit\u00e0 dell\u2019Insubria ospiter\u00e0 1699 candidati<\/strong> iscritti al <a href=\"https:\/\/www.varesenews.it\/2020\/08\/test-dingresso-medicina-candidati-convocati-malpensafiere-lario-fiere\/956550\/\" target=\"_blank\" rel=\"noopener\"><strong>test d\u2019ingresso nazionale<\/strong><\/a> per accedere al corso di Medicina e Chirurgia.<\/p>\n<p>Sono circa il triplo dei candidati che annualmente sostengono la prova di selezione all\u2019ateneo varesino. Quest\u2019anno, causa regole di distanziamento a causa del Covid19, il Ministero dell\u2019Universit\u00e0 ha selezionato alcune realt\u00e0 accademiche come sede di esame. I ragazzi devono fare riferimento a <strong>quella pi\u00f9 vicina al proprio domicilio<\/strong>. Cos\u00ec, l\u2019Insubria ospiter\u00e0 <strong>i candidati delle province di Varese e Como, ma anche quelli di Lecco e Monza Brianza<\/strong>. Un esercito di aspiranti matricole che andr\u00e0 accolto e accompagnato secondo un protocollo preciso.<\/p>\n<p>Per garantire la correttezza dell\u2019esame e lo svolgimento regolare della prova, sono coinvolti circa <strong>80 dipendenti dell\u2019universit\u00e0<\/strong> oltre a una <strong>quarantina di uomini della Protezione civile<\/strong> e al <strong>personale dei due enti<\/strong> che hanno messo a disposizione la sede a Busto Arsizio e a Erba.<\/p>\n<p>I candidati cominceranno a essere accolti <strong>a partire dalle 8 di domani 3 settembre<\/strong>. Il personale dell\u2019ente camerale misurer\u00e0 la temperatura e ritirer\u00e0 <strong>l\u2019autocertificazione<\/strong>, un modello definito dal MUR che <strong>proprio qualche giorno fa ha inviato una nuova versione.<\/strong> Il primo momento critico sar\u00e0 proprio quello di controllare che la certificazione sottoscritta sia quella aggiornata e, nel caso, dare, a chi ne fosse sprovvisto, una nuova copia da compilare e firmare.<\/p>\n<p>Poi gli iscritti verranno assegnati e smistati nei diversi banchi che assicureranno il distanziamento.<br \/>\n<strong>La prova durer\u00e0 100 minuti e inizier\u00e0 a mezzogiorno in tutt\u2019Italia.<br \/>\n<\/strong><br \/>\nAlla fine, per\u00f2, <strong>non sar\u00e0 possibile un\u2019uscita di massa<\/strong> ma andr\u00e0 regolamentata anche questa ultima fase di esame per rispettare il distanziamento: chi ha finito dovr\u00e0 attendere al banco il proprio turno per alzarsi, consegnare l\u2019elaborato, imbustarlo e firmare per l\u2019uscita. Si pensa che le ultime operazioni potranno avvenire a <strong>met\u00e0 pomeriggio.<\/strong><\/p>\n<p>La graduatoria sar\u00e0 infine pubblicata sul sito dell&#8217;ateneo e i candidati sceglieranno quindi la sede preferita dove svolgere il percorso universitario: l\u2019emergenza Covid ha infatti annullato la regola della sede di esame nell\u2019universit\u00e0 scelta per seguire il corso.<\/p>\n<p><strong>Nella sede di Lario Fiere ci sar\u00e0 un candidato in pi\u00f9 con 850 iscritti contro gli 849 di Busto Arsizio.<\/strong><br \/>\nSar\u00e0 comunque una prova per tutti impegnativa: imprevisti e novit\u00e0 potranno sempre emergere.<\/p>\n<p>Saranno rigidi i controlli riguardo<strong> a chi \u00e8 stato messo in quarantena dalle autorit\u00e0 sanitarie<\/strong>: l\u2019accesso avviene infatti dopo la consegna di un\u2019autocertificazione che assicura di non avere provvedimenti sanitari restrittivi, documenti che rimarranno agli atti per le verifiche del caso.<\/p>\n","protected":false},"excerpt":{"rendered":"<p>L&#8217;ateneo varesino attende circa il triplo degli iscritti registrati negli anni scorsi. Ottanta i dipendenti accademici mobilitati oltre agli uomini della Protezione civile<\/p>\n","protected":false},"author":33,"featured_media":0,"comment_status":"open","ping_status":"open","sticky":false,"template":"","format":"standard","meta":{"footnotes":""},"categories":[4,7,53,22],"tags":[591,91019,202],"acf":[],"yoast_head":"<!-- This site is optimized with the Yoast SEO plugin v20.1 - https:\/\/yoast.com\/wordpress\/plugins\/seo\/ -->\n<title>Test di medicina e chirurgia: sar\u00e0 un esame &quot;da record&quot;<\/title>\n<meta name=\"description\" content=\"L&#039;ateneo varesino attende circa il triplo degli iscritti registrati negli anni scorsi. Ottanta i dipendenti accademici mobilitati oltre agli uomini della Protezione civile\" \/>\n<meta name=\"robots\" content=\"noindex, follow, max-snippet:-1, max-image-preview:large, max-video-preview:-1\" \/>\n<meta property=\"og:locale\" content=\"it_IT\" \/>\n<meta property=\"og:type\" content=\"article\" \/>\n<meta property=\"og:title\" content=\"Test di medicina e chirurgia: sar\u00e0 un esame &quot;da record&quot;\" \/>\n<meta property=\"og:description\" content=\"L&#039;ateneo varesino attende circa il triplo degli iscritti registrati negli anni scorsi. Ottanta i dipendenti accademici mobilitati oltre agli uomini della Protezione civile\" \/>\n<meta property=\"og:url\" content=\"https:\/\/staging.varesenews.it\/2020\/09\/test-medicina-chirurgia-sara-un-esame-record\/957237\/\" \/>\n<meta property=\"og:site_name\" content=\"VareseNews\" \/>\n<meta property=\"article:publisher\" content=\"https:\/\/www.facebook.com\/varesenews\" \/>\n<meta property=\"article:author\" content=\"alessandra.toni7\" \/>\n<meta property=\"article:published_time\" content=\"2020-09-02T13:01:39+00:00\" \/>\n<meta name=\"author\" content=\"Alessandra Toni\" \/>\n<meta name=\"twitter:card\" content=\"summary_large_image\" \/>\n<meta name=\"twitter:creator\" content=\"@alessandra_toni\" \/>\n<meta name=\"twitter:site\" content=\"@varesenews\" \/>\n<meta name=\"twitter:label1\" content=\"Scritto da\" \/>\n\t<meta name=\"twitter:data1\" content=\"Alessandra Toni\" \/>\n\t<meta name=\"twitter:label2\" content=\"Tempo di lettura stimato\" \/>\n\t<meta name=\"twitter:data2\" content=\"2 minuti\" \/>\n<script type=\"application\/ld+json\" class=\"yoast-schema-graph\">{\"@context\":\"https:\/\/schema.org\",\"@graph\":[{\"@type\":\"WebPage\",\"@id\":\"https:\/\/staging.varesenews.it\/2020\/09\/test-medicina-chirurgia-sara-un-esame-record\/957237\/\",\"url\":\"https:\/\/staging.varesenews.it\/2020\/09\/test-medicina-chirurgia-sara-un-esame-record\/957237\/\",\"name\":\"Test di medicina e chirurgia: sar\u00e0 un esame \\\"da record\\\"\",\"isPartOf\":{\"@id\":\"https:\/\/staging.varesenews.it\/#website\"},\"datePublished\":\"2020-09-02T13:01:39+00:00\",\"dateModified\":\"2020-09-02T13:01:39+00:00\",\"author\":{\"@id\":\"https:\/\/staging.varesenews.it\/#\/schema\/person\/2643ce123d4a3c9511e015dc548779b8\"},\"description\":\"L'ateneo varesino attende circa il triplo degli iscritti registrati negli anni scorsi. Ottanta i dipendenti accademici mobilitati oltre agli uomini della Protezione civile\",\"breadcrumb\":{\"@id\":\"https:\/\/staging.varesenews.it\/2020\/09\/test-medicina-chirurgia-sara-un-esame-record\/957237\/#breadcrumb\"},\"inLanguage\":\"it-IT\",\"potentialAction\":[{\"@type\":\"ReadAction\",\"target\":[\"https:\/\/staging.varesenews.it\/2020\/09\/test-medicina-chirurgia-sara-un-esame-record\/957237\/\"]}]},{\"@type\":\"BreadcrumbList\",\"@id\":\"https:\/\/staging.varesenews.it\/2020\/09\/test-medicina-chirurgia-sara-un-esame-record\/957237\/#breadcrumb\",\"itemListElement\":[{\"@type\":\"ListItem\",\"position\":1,\"name\":\"Home\",\"item\":\"https:\/\/www.varesenews.it\/\"},{\"@type\":\"ListItem\",\"position\":2,\"name\":\"Test di medicina e chirurgia: sar\u00e0 un esame &#8220;da record&#8221;\"}]},{\"@type\":\"WebSite\",\"@id\":\"https:\/\/staging.varesenews.it\/#website\",\"url\":\"https:\/\/staging.varesenews.it\/\",\"name\":\"VareseNews\",\"description\":\"\",\"potentialAction\":[{\"@type\":\"SearchAction\",\"target\":{\"@type\":\"EntryPoint\",\"urlTemplate\":\"https:\/\/staging.varesenews.it\/?s={search_term_string}\"},\"query-input\":\"required name=search_term_string\"}],\"inLanguage\":\"it-IT\"},{\"@type\":\"Person\",\"@id\":\"https:\/\/staging.varesenews.it\/#\/schema\/person\/2643ce123d4a3c9511e015dc548779b8\",\"name\":\"Alessandra Toni\",\"image\":{\"@type\":\"ImageObject\",\"inLanguage\":\"it-IT\",\"@id\":\"https:\/\/staging.varesenews.it\/#\/schema\/person\/image\/\",\"url\":\"https:\/\/staging.varesenews.it\/wp-content\/uploads\/2020\/12\/alessandra_toni_colori_500.jpg\",\"contentUrl\":\"https:\/\/staging.varesenews.it\/wp-content\/uploads\/2020\/12\/alessandra_toni_colori_500.jpg\",\"caption\":\"Alessandra Toni\"},\"description\":\"Sono entrata nella redazione di VareseNews nel lontano anno 2000. Ero reduce da una bellissima esperienza nella redazione giornalistica della TV Nuova Antennatre, sotto la direzione dell'indimenticabile direttore Adolfo Caldarini. Sono arrivata quando era ancora una piccola realt\u00e0 editoriale e insieme abbiamo fatto un lungo ed entusiasmante lavoro. Mi occupo prevalentemente di scuola e di sanit\u00e0, settori impegnativi di grande valore sociale.\u00a0\",\"sameAs\":[\"alessandra.toni7\",\"alessandra.toni\",\"https:\/\/twitter.com\/alessandra_toni\"],\"url\":\"https:\/\/staging.varesenews.it\/persona\/alessandra_toni1\/\"}]}<\/script>\n<!-- \/ Yoast SEO plugin. -->","yoast_head_json":{"title":"Test di medicina e chirurgia: sar\u00e0 un esame \"da record\"","description":"L'ateneo varesino attende circa il triplo degli iscritti registrati negli anni scorsi. Ottanta i dipendenti accademici mobilitati oltre agli uomini della Protezione civile","robots":{"index":"noindex","follow":"follow","max-snippet":"max-snippet:-1","max-image-preview":"max-image-preview:large","max-video-preview":"max-video-preview:-1"},"og_locale":"it_IT","og_type":"article","og_title":"Test di medicina e chirurgia: sar\u00e0 un esame \"da record\"","og_description":"L'ateneo varesino attende circa il triplo degli iscritti registrati negli anni scorsi. Ottanta i dipendenti accademici mobilitati oltre agli uomini della Protezione civile","og_url":"https:\/\/staging.varesenews.it\/2020\/09\/test-medicina-chirurgia-sara-un-esame-record\/957237\/","og_site_name":"VareseNews","article_publisher":"https:\/\/www.facebook.com\/varesenews","article_author":"alessandra.toni7","article_published_time":"2020-09-02T13:01:39+00:00","author":"Alessandra Toni","twitter_card":"summary_large_image","twitter_creator":"@alessandra_toni","twitter_site":"@varesenews","twitter_misc":{"Scritto da":"Alessandra Toni","Tempo di lettura stimato":"2 minuti"},"schema":{"@context":"https:\/\/schema.org","@graph":[{"@type":"WebPage","@id":"https:\/\/staging.varesenews.it\/2020\/09\/test-medicina-chirurgia-sara-un-esame-record\/957237\/","url":"https:\/\/staging.varesenews.it\/2020\/09\/test-medicina-chirurgia-sara-un-esame-record\/957237\/","name":"Test di medicina e chirurgia: sar\u00e0 un esame \"da record\"","isPartOf":{"@id":"https:\/\/staging.varesenews.it\/#website"},"datePublished":"2020-09-02T13:01:39+00:00","dateModified":"2020-09-02T13:01:39+00:00","author":{"@id":"https:\/\/staging.varesenews.it\/#\/schema\/person\/2643ce123d4a3c9511e015dc548779b8"},"description":"L'ateneo varesino attende circa il triplo degli iscritti registrati negli anni scorsi. Ottanta i dipendenti accademici mobilitati oltre agli uomini della Protezione civile","breadcrumb":{"@id":"https:\/\/staging.varesenews.it\/2020\/09\/test-medicina-chirurgia-sara-un-esame-record\/957237\/#breadcrumb"},"inLanguage":"it-IT","potentialAction":[{"@type":"ReadAction","target":["https:\/\/staging.varesenews.it\/2020\/09\/test-medicina-chirurgia-sara-un-esame-record\/957237\/"]}]},{"@type":"BreadcrumbList","@id":"https:\/\/staging.varesenews.it\/2020\/09\/test-medicina-chirurgia-sara-un-esame-record\/957237\/#breadcrumb","itemListElement":[{"@type":"ListItem","position":1,"name":"Home","item":"https:\/\/www.varesenews.it\/"},{"@type":"ListItem","position":2,"name":"Test di medicina e chirurgia: sar\u00e0 un esame &#8220;da record&#8221;"}]},{"@type":"WebSite","@id":"https:\/\/staging.varesenews.it\/#website","url":"https:\/\/staging.varesenews.it\/","name":"VareseNews","description":"","potentialAction":[{"@type":"SearchAction","target":{"@type":"EntryPoint","urlTemplate":"https:\/\/staging.varesenews.it\/?s={search_term_string}"},"query-input":"required name=search_term_string"}],"inLanguage":"it-IT"},{"@type":"Person","@id":"https:\/\/staging.varesenews.it\/#\/schema\/person\/2643ce123d4a3c9511e015dc548779b8","name":"Alessandra Toni","image":{"@type":"ImageObject","inLanguage":"it-IT","@id":"https:\/\/staging.varesenews.it\/#\/schema\/person\/image\/","url":"https:\/\/staging.varesenews.it\/wp-content\/uploads\/2020\/12\/alessandra_toni_colori_500.jpg","contentUrl":"https:\/\/staging.varesenews.it\/wp-content\/uploads\/2020\/12\/alessandra_toni_colori_500.jpg","caption":"Alessandra Toni"},"description":"Sono entrata nella redazione di VareseNews nel lontano anno 2000. Ero reduce da una bellissima esperienza nella redazione giornalistica della TV Nuova Antennatre, sotto la direzione dell'indimenticabile direttore Adolfo Caldarini. Sono arrivata quando era ancora una piccola realt\u00e0 editoriale e insieme abbiamo fatto un lungo ed entusiasmante lavoro. Mi occupo prevalentemente di scuola e di sanit\u00e0, settori impegnativi di grande valore sociale.\u00a0","sameAs":["alessandra.toni7","alessandra.toni","https:\/\/twitter.com\/alessandra_toni"],"url":"https:\/\/staging.varesenews.it\/persona\/alessandra_toni1\/"}]}},"post_meta":{"_edit_lock":"1599053307:33","_edit_last":"33","_category_permalink":"a:1:{s:8:\"category\";s:2:\"22\";}","foto":"1170530","firma-personalizzata":"A.T.","argomento":"Busto Arsizio","_yoast_wpseo_content_score":"30","_jd_tweet_this":"yes","_encloseme":"1","ratings_users":"0","ratings_score":"0","ratings_average":"0","_wpt_short_url":"https:\/\/www.varesenews.it\/2020\/09\/test-medicina-chirurgia-sara-un-esame-record\/957237\/","_wp_jd_target":"https:\/\/www.varesenews.it\/2020\/09\/test-medicina-chirurgia-sara-un-esame-record\/957237\/","_jd_wp_twitter":"a:1:{i:0;s:162:\"Test di medicina e chirurgia: sar\u00e0 un esame \u201cda record\u201d https:\/\/www.varesenews.it\/2020\/09\/test-medicina-chirurgia-sara-un-esame-record\/957237\/ #MalpensaFiere\";}","_wpt_status_message":"Tweet inviato con successo."},"photos":[{"original":"https:\/\/staging.varesenews.it\/photogallery_new\/images\/2020\/08\/test-sierologici-scuola-ats-malpensafiere-1170530.jpg","full":"https:\/\/staging.varesenews.it\/photogallery_new\/images\/2020\/08\/test-sierologici-scuola-ats-malpensafiere-1170530.1024x768.jpg","large":"https:\/\/staging.varesenews.it\/photogallery_new\/images\/2020\/08\/test-sierologici-scuola-ats-malpensafiere-1170530.610x431.jpg"}],"_links":{"self":[{"href":"https:\/\/staging.varesenews.it\/swgapi\/v1\/wp\/v2\/posts\/957237"}],"collection":[{"href":"https:\/\/staging.varesenews.it\/swgapi\/v1\/wp\/v2\/posts"}],"about":[{"href":"https:\/\/staging.varesenews.it\/swgapi\/v1\/wp\/v2\/types\/post"}],"author":[{"embeddable":true,"href":"https:\/\/staging.varesenews.it\/swgapi\/v1\/wp\/v2\/users\/33"}],"replies":[{"embeddable":true,"href":"https:\/\/staging.varesenews.it\/swgapi\/v1\/wp\/v2\/comments?post=957237"}],"version-history":[{"count":0,"href":"https:\/\/staging.varesenews.it\/swgapi\/v1\/wp\/v2\/posts\/957237\/revisions"}],"wp:attachment":[{"href":"https:\/\/staging.varesenews.it\/swgapi\/v1\/wp\/v2\/media?parent=957237"}],"wp:term":[{"taxonomy":"category","embeddable":true,"href":"https:\/\/staging.varesenews.it\/swgapi\/v1\/wp\/v2\/categories?post=957237"},{"taxonomy":"post_tag","embeddable":true,"href":"https:\/\/staging.varesenews.it\/swgapi\/v1\/wp\/v2\/tags?post=957237"}],"curies":[{"name":"wp","href":"https:\/\/api.w.org\/{rel}","templated":true}]}}