{"id":95996,"date":"2012-02-22T00:00:00","date_gmt":"2012-02-22T00:00:00","guid":{"rendered":""},"modified":"2012-02-22T00:00:00","modified_gmt":"2012-02-22T00:00:00","slug":"besnate-incontra-don-virginio-colmegna","status":"publish","type":"post","link":"https:\/\/staging.varesenews.it\/2012\/02\/besnate-incontra-don-virginio-colmegna\/95996\/","title":{"rendered":"Besnate incontra don Virginio Colmegna"},"content":{"rendered":"<p><img loading=\"lazy\" decoding=\"async\" width=\"155\" vspace=\"5\" border=\"1\" align=\"left\" hspace=\"5\" height=\"207\" src=\"https:\/\/www3.varesenews.it\/immagini_articoli\/201201\/don_colmegna.jpg\" alt=\"\" \/>Gioved&igrave; 23 febbraio, alle ore 20.30, il paese di <strong>Besnate ospiter&agrave; al teatro Incontro don Virginio Colmegna<\/strong>. Gi&agrave; direttore  della Caritas Ambrosiana dal 1993 su nomina del cardinal Martini, dal 2004 don Colmegna si dedica a tempo pieno alla <strong>Fondazione Casa della Carit&agrave;<\/strong>, luogo di ospitalit&agrave; quotidiana di  centinaia di persone in difficolt&agrave;. &laquo;Il nostro problema non &egrave; essere di sinistra, destra o centro, ma &egrave; essere profondamente legati ad una cultura fatta di solidariet&agrave;, umanit&agrave;, vicinanza alle persone pi&ugrave; deboli&raquo;: questa la risposta che Don Virginio offre a chi gli chiede conto del suo agire a favore dei pi&ugrave; fragili. L&rsquo;incontro, organizzato dall&rsquo;amministrazione comunale in collaborazione con la Caritas parrocchiale, vuole costituire <strong>un momento di confronto su come vivere nel concreto la carit&agrave; cristiana<\/strong>, in un contesto, come quello attuale, caratterizzato da profondi cambiamenti sia a livello  politico che sociale.<\/p>\n","protected":false},"excerpt":{"rendered":"<p>Il sacerdote \u00e8 l&#8217;anima della Fondazione Casa della Carit\u00e0: l&#8217;incontro \u00e8 promosso dalla Caritas parrocchiale e dal Comune<\/p>\n","protected":false},"author":10,"featured_media":0,"comment_status":"open","ping_status":"open","sticky":false,"template":"","format":"standard","meta":{"footnotes":""},"categories":[3],"tags":[6326,740,130],"acf":[],"yoast_head":"<!-- This site is optimized with the Yoast SEO plugin v20.1 - https:\/\/yoast.com\/wordpress\/plugins\/seo\/ -->\n<title>Besnate incontra don Virginio Colmegna<\/title>\n<meta name=\"description\" content=\"Il sacerdote \u00e8 l&#039;anima della Fondazione Casa della Carit\u00e0: l&#039;incontro \u00e8 promosso dalla Caritas parrocchiale e dal Comune\" \/>\n<meta name=\"robots\" content=\"noindex, follow, max-snippet:-1, max-image-preview:large, max-video-preview:-1\" \/>\n<meta property=\"og:locale\" content=\"it_IT\" \/>\n<meta property=\"og:type\" content=\"article\" \/>\n<meta property=\"og:title\" content=\"Besnate incontra don Virginio Colmegna\" \/>\n<meta property=\"og:description\" content=\"Il sacerdote \u00e8 l&#039;anima della Fondazione Casa della Carit\u00e0: l&#039;incontro \u00e8 promosso dalla Caritas parrocchiale e dal Comune\" \/>\n<meta property=\"og:url\" content=\"https:\/\/staging.varesenews.it\/2012\/02\/besnate-incontra-don-virginio-colmegna\/95996\/\" \/>\n<meta property=\"og:site_name\" content=\"VareseNews\" \/>\n<meta property=\"article:publisher\" content=\"https:\/\/www.facebook.com\/varesenews\" \/>\n<meta property=\"article:published_time\" content=\"2012-02-22T00:00:00+00:00\" \/>\n<meta property=\"og:image\" content=\"https:\/\/www3.varesenews.it\/immagini_articoli\/201201\/don_colmegna.jpg\" \/>\n<meta name=\"author\" content=\"Redazione VareseNews\" \/>\n<meta name=\"twitter:card\" content=\"summary_large_image\" \/>\n<meta name=\"twitter:creator\" content=\"@varesenews\" \/>\n<meta name=\"twitter:site\" content=\"@varesenews\" \/>\n<meta name=\"twitter:label1\" content=\"Scritto da\" \/>\n\t<meta name=\"twitter:data1\" content=\"Redazione VareseNews\" \/>\n\t<meta name=\"twitter:label2\" content=\"Tempo di lettura stimato\" \/>\n\t<meta name=\"twitter:data2\" content=\"1 minuto\" \/>\n<script type=\"application\/ld+json\" class=\"yoast-schema-graph\">{\"@context\":\"https:\/\/schema.org\",\"@graph\":[{\"@type\":\"WebPage\",\"@id\":\"https:\/\/staging.varesenews.it\/2012\/02\/besnate-incontra-don-virginio-colmegna\/95996\/\",\"url\":\"https:\/\/staging.varesenews.it\/2012\/02\/besnate-incontra-don-virginio-colmegna\/95996\/\",\"name\":\"Besnate incontra don Virginio Colmegna\",\"isPartOf\":{\"@id\":\"https:\/\/staging.varesenews.it\/#website\"},\"datePublished\":\"2012-02-22T00:00:00+00:00\",\"dateModified\":\"2012-02-22T00:00:00+00:00\",\"author\":{\"@id\":\"https:\/\/staging.varesenews.it\/#\/schema\/person\/fb20c4da0b7b16c291707a20db73e169\"},\"description\":\"Il sacerdote \u00e8 l'anima della Fondazione Casa della Carit\u00e0: l'incontro \u00e8 promosso dalla Caritas parrocchiale e dal Comune\",\"breadcrumb\":{\"@id\":\"https:\/\/staging.varesenews.it\/2012\/02\/besnate-incontra-don-virginio-colmegna\/95996\/#breadcrumb\"},\"inLanguage\":\"it-IT\",\"potentialAction\":[{\"@type\":\"ReadAction\",\"target\":[\"https:\/\/staging.varesenews.it\/2012\/02\/besnate-incontra-don-virginio-colmegna\/95996\/\"]}]},{\"@type\":\"BreadcrumbList\",\"@id\":\"https:\/\/staging.varesenews.it\/2012\/02\/besnate-incontra-don-virginio-colmegna\/95996\/#breadcrumb\",\"itemListElement\":[{\"@type\":\"ListItem\",\"position\":1,\"name\":\"Home\",\"item\":\"https:\/\/www.varesenews.it\/\"},{\"@type\":\"ListItem\",\"position\":2,\"name\":\"Besnate incontra don Virginio Colmegna\"}]},{\"@type\":\"WebSite\",\"@id\":\"https:\/\/staging.varesenews.it\/#website\",\"url\":\"https:\/\/staging.varesenews.it\/\",\"name\":\"VareseNews\",\"description\":\"\",\"potentialAction\":[{\"@type\":\"SearchAction\",\"target\":{\"@type\":\"EntryPoint\",\"urlTemplate\":\"https:\/\/staging.varesenews.it\/?s={search_term_string}\"},\"query-input\":\"required name=search_term_string\"}],\"inLanguage\":\"it-IT\"},{\"@type\":\"Person\",\"@id\":\"https:\/\/staging.varesenews.it\/#\/schema\/person\/fb20c4da0b7b16c291707a20db73e169\",\"name\":\"Redazione VareseNews\",\"image\":{\"@type\":\"ImageObject\",\"inLanguage\":\"it-IT\",\"@id\":\"https:\/\/staging.varesenews.it\/#\/schema\/person\/image\/\",\"url\":\"https:\/\/staging.varesenews.it\/wp-content\/uploads\/2020\/12\/logo_VN_colori_500.png\",\"contentUrl\":\"https:\/\/staging.varesenews.it\/wp-content\/uploads\/2020\/12\/logo_VN_colori_500.png\",\"caption\":\"Redazione VareseNews\"},\"url\":\"https:\/\/staging.varesenews.it\/persona\/redazione1\/\"}]}<\/script>\n<!-- \/ Yoast SEO plugin. -->","yoast_head_json":{"title":"Besnate incontra don Virginio Colmegna","description":"Il sacerdote \u00e8 l'anima della Fondazione Casa della Carit\u00e0: l'incontro \u00e8 promosso dalla Caritas parrocchiale e dal Comune","robots":{"index":"noindex","follow":"follow","max-snippet":"max-snippet:-1","max-image-preview":"max-image-preview:large","max-video-preview":"max-video-preview:-1"},"og_locale":"it_IT","og_type":"article","og_title":"Besnate incontra don Virginio Colmegna","og_description":"Il sacerdote \u00e8 l'anima della Fondazione Casa della Carit\u00e0: l'incontro \u00e8 promosso dalla Caritas parrocchiale e dal Comune","og_url":"https:\/\/staging.varesenews.it\/2012\/02\/besnate-incontra-don-virginio-colmegna\/95996\/","og_site_name":"VareseNews","article_publisher":"https:\/\/www.facebook.com\/varesenews","article_published_time":"2012-02-22T00:00:00+00:00","og_image":[{"url":"https:\/\/www3.varesenews.it\/immagini_articoli\/201201\/don_colmegna.jpg"}],"author":"Redazione VareseNews","twitter_card":"summary_large_image","twitter_creator":"@varesenews","twitter_site":"@varesenews","twitter_misc":{"Scritto da":"Redazione VareseNews","Tempo di lettura stimato":"1 minuto"},"schema":{"@context":"https:\/\/schema.org","@graph":[{"@type":"WebPage","@id":"https:\/\/staging.varesenews.it\/2012\/02\/besnate-incontra-don-virginio-colmegna\/95996\/","url":"https:\/\/staging.varesenews.it\/2012\/02\/besnate-incontra-don-virginio-colmegna\/95996\/","name":"Besnate incontra don Virginio Colmegna","isPartOf":{"@id":"https:\/\/staging.varesenews.it\/#website"},"datePublished":"2012-02-22T00:00:00+00:00","dateModified":"2012-02-22T00:00:00+00:00","author":{"@id":"https:\/\/staging.varesenews.it\/#\/schema\/person\/fb20c4da0b7b16c291707a20db73e169"},"description":"Il sacerdote \u00e8 l'anima della Fondazione Casa della Carit\u00e0: l'incontro \u00e8 promosso dalla Caritas parrocchiale e dal Comune","breadcrumb":{"@id":"https:\/\/staging.varesenews.it\/2012\/02\/besnate-incontra-don-virginio-colmegna\/95996\/#breadcrumb"},"inLanguage":"it-IT","potentialAction":[{"@type":"ReadAction","target":["https:\/\/staging.varesenews.it\/2012\/02\/besnate-incontra-don-virginio-colmegna\/95996\/"]}]},{"@type":"BreadcrumbList","@id":"https:\/\/staging.varesenews.it\/2012\/02\/besnate-incontra-don-virginio-colmegna\/95996\/#breadcrumb","itemListElement":[{"@type":"ListItem","position":1,"name":"Home","item":"https:\/\/www.varesenews.it\/"},{"@type":"ListItem","position":2,"name":"Besnate incontra don Virginio Colmegna"}]},{"@type":"WebSite","@id":"https:\/\/staging.varesenews.it\/#website","url":"https:\/\/staging.varesenews.it\/","name":"VareseNews","description":"","potentialAction":[{"@type":"SearchAction","target":{"@type":"EntryPoint","urlTemplate":"https:\/\/staging.varesenews.it\/?s={search_term_string}"},"query-input":"required name=search_term_string"}],"inLanguage":"it-IT"},{"@type":"Person","@id":"https:\/\/staging.varesenews.it\/#\/schema\/person\/fb20c4da0b7b16c291707a20db73e169","name":"Redazione VareseNews","image":{"@type":"ImageObject","inLanguage":"it-IT","@id":"https:\/\/staging.varesenews.it\/#\/schema\/person\/image\/","url":"https:\/\/staging.varesenews.it\/wp-content\/uploads\/2020\/12\/logo_VN_colori_500.png","contentUrl":"https:\/\/staging.varesenews.it\/wp-content\/uploads\/2020\/12\/logo_VN_colori_500.png","caption":"Redazione VareseNews"},"url":"https:\/\/staging.varesenews.it\/persona\/redazione1\/"}]}},"post_meta":{"id_old":"226486","argomento":"Besnate"},"photos":[],"_links":{"self":[{"href":"https:\/\/staging.varesenews.it\/swgapi\/v1\/wp\/v2\/posts\/95996"}],"collection":[{"href":"https:\/\/staging.varesenews.it\/swgapi\/v1\/wp\/v2\/posts"}],"about":[{"href":"https:\/\/staging.varesenews.it\/swgapi\/v1\/wp\/v2\/types\/post"}],"author":[{"embeddable":true,"href":"https:\/\/staging.varesenews.it\/swgapi\/v1\/wp\/v2\/users\/10"}],"replies":[{"embeddable":true,"href":"https:\/\/staging.varesenews.it\/swgapi\/v1\/wp\/v2\/comments?post=95996"}],"version-history":[{"count":0,"href":"https:\/\/staging.varesenews.it\/swgapi\/v1\/wp\/v2\/posts\/95996\/revisions"}],"wp:attachment":[{"href":"https:\/\/staging.varesenews.it\/swgapi\/v1\/wp\/v2\/media?parent=95996"}],"wp:term":[{"taxonomy":"category","embeddable":true,"href":"https:\/\/staging.varesenews.it\/swgapi\/v1\/wp\/v2\/categories?post=95996"},{"taxonomy":"post_tag","embeddable":true,"href":"https:\/\/staging.varesenews.it\/swgapi\/v1\/wp\/v2\/tags?post=95996"}],"curies":[{"name":"wp","href":"https:\/\/api.w.org\/{rel}","templated":true}]}}