{"id":961763,"date":"2020-09-17T08:27:08","date_gmt":"2020-09-17T06:27:08","guid":{"rendered":"https:\/\/www.varesenews.it\/?p=961763"},"modified":"2020-09-16T23:42:12","modified_gmt":"2020-09-16T21:42:12","slug":"vela-uisp-lombardia-riparte-col-vento-poppa","status":"publish","type":"post","link":"https:\/\/staging.varesenews.it\/2020\/09\/vela-uisp-lombardia-riparte-col-vento-poppa\/961763\/","title":{"rendered":"Vela: UISP Lombardia riparte col vento in poppa"},"content":{"rendered":"<p>Dopo lo stop forzato legato alla pandemia Covid-19, <strong>la vela UISP Lombardia \u00e8 pronta a ripartire alla grande<\/strong>. Una prima conferma della volont\u00e0 di gettarsi alle spalle il periodo difficile arriva dal <strong>Garda<\/strong>, dove il prossimo weekend la Struttura di Attivit\u00e0 velistica prender\u00e0 parte al <strong>&#8220;Desenzano Garda Flowers&#8221;<\/strong>: dall\u201911 al 13 settembre, in collaborazione con Arcobaleno Vela ASD Sal\u00f2, la SdA Vela UISP Lombardia ha proposto un focus dedicato al mondo della barca a vela, per questa occasione allestita di piante per ricreare il \u201cgiardinetto\u201d in barca. <em><strong>(foto di repertorio)<\/strong><\/em><\/p>\n<p>Ogni venti minuti \u00e8 stato possibile effettuare un giro gratuito in barca, per <strong>ammirare la passeggiata di Desenzano<\/strong> impreziosita dalla mostra di fiori e piante. La manifestazione vedr\u00e0 impegnato in prima linea\u00a0<strong>Giorgio Zorzi<\/strong>, responsabile Sviluppo disabilit\u00e0 per l\u2019SdA Vela UISP Lombardia: ai partecipanti \u00e8 stata illustrata la <em>mission<\/em> UISP, offrendo anche <strong>t-shirt dell&#8217;associazione<\/strong>, e inoltre sono state organizzate <strong>attivit\u00e0 formative in strada<\/strong>, in particolare con racconti sulla storia del Giardinetto e esercizi sui nodi.<\/p>\n<p>\u00abL\u2019obiettivo \u00e8 quello della <strong>promozione sociale<\/strong> della nostra disciplina sportiva, che proseguir\u00e0 anche in altre occasioni\u00a0&#8211; anticipa\u00a0<strong>Danilo Ragni<\/strong>, responsabile SdA Vela UISP Lombardia -.\u00a0A breve ripartir\u00e0 il <strong>progetto nazionale Capitan Uncino<\/strong>, seguito da Massimo Brignoli, istruttore nazionale e coordinatore Comunicazione per questo importante appuntamento che coinvolge i pi\u00f9 giovani\u00bb.<\/p>\n<blockquote><p><span style=\"color: #008000;\"><strong>SPECIALE UISP<\/strong>\u00a0<\/span>\u2013\u00a0<a href=\"https:\/\/www.varesenews.it\/tag\/speciale-uisp\/\">Tutti gli articoli di VareseNews in collaborazione con UISP Varese<\/a><\/p><\/blockquote>\n","protected":false},"excerpt":{"rendered":"<p>Con il &#8220;Desenzano Garda Flowers&#8221; la struttura di attivit\u00e0 velistica regionale \u00e8 ripartita, in attesa di nuovi eventi gi\u00e0 in programma<\/p>\n","protected":false},"author":38,"featured_media":0,"comment_status":"open","ping_status":"open","sticky":false,"template":"","format":"standard","meta":{"footnotes":""},"categories":[7,14],"tags":[104640,108829,3364],"acf":[],"yoast_head":"<!-- This site is optimized with the Yoast SEO plugin v20.1 - https:\/\/yoast.com\/wordpress\/plugins\/seo\/ -->\n<title>Vela: UISP Lombardia riparte col vento in poppa<\/title>\n<meta name=\"description\" content=\"Con il &quot;Desenzano Garda Flowers&quot; la struttura di attivit\u00e0 velistica regionale \u00e8 ripartita, in attesa di nuovi eventi gi\u00e0 in programma\" \/>\n<meta name=\"robots\" content=\"noindex, follow, max-snippet:-1, max-image-preview:large, max-video-preview:-1\" \/>\n<meta property=\"og:locale\" content=\"it_IT\" \/>\n<meta property=\"og:type\" content=\"article\" \/>\n<meta property=\"og:title\" content=\"Vela: UISP Lombardia riparte col vento in poppa\" \/>\n<meta property=\"og:description\" content=\"Con il &quot;Desenzano Garda Flowers&quot; la struttura di attivit\u00e0 velistica regionale \u00e8 ripartita, in attesa di nuovi eventi gi\u00e0 in programma\" \/>\n<meta property=\"og:url\" content=\"https:\/\/staging.varesenews.it\/2020\/09\/vela-uisp-lombardia-riparte-col-vento-poppa\/961763\/\" \/>\n<meta property=\"og:site_name\" content=\"VareseNews\" \/>\n<meta property=\"article:publisher\" content=\"https:\/\/www.facebook.com\/varesenews\" \/>\n<meta property=\"article:published_time\" content=\"2020-09-17T06:27:08+00:00\" \/>\n<meta property=\"article:modified_time\" content=\"2020-09-16T21:42:12+00:00\" \/>\n<meta name=\"author\" content=\"Damiano Franzetti\" \/>\n<meta name=\"twitter:card\" content=\"summary_large_image\" \/>\n<meta name=\"twitter:creator\" content=\"@damianofranz\" \/>\n<meta name=\"twitter:site\" content=\"@varesenews\" \/>\n<meta name=\"twitter:label1\" content=\"Scritto da\" \/>\n\t<meta name=\"twitter:data1\" content=\"Damiano Franzetti\" \/>\n\t<meta name=\"twitter:label2\" content=\"Tempo di lettura stimato\" \/>\n\t<meta name=\"twitter:data2\" content=\"1 minuto\" \/>\n<script type=\"application\/ld+json\" class=\"yoast-schema-graph\">{\"@context\":\"https:\/\/schema.org\",\"@graph\":[{\"@type\":\"WebPage\",\"@id\":\"https:\/\/staging.varesenews.it\/2020\/09\/vela-uisp-lombardia-riparte-col-vento-poppa\/961763\/\",\"url\":\"https:\/\/staging.varesenews.it\/2020\/09\/vela-uisp-lombardia-riparte-col-vento-poppa\/961763\/\",\"name\":\"Vela: UISP Lombardia riparte col vento in poppa\",\"isPartOf\":{\"@id\":\"https:\/\/staging.varesenews.it\/#website\"},\"datePublished\":\"2020-09-17T06:27:08+00:00\",\"dateModified\":\"2020-09-16T21:42:12+00:00\",\"author\":{\"@id\":\"https:\/\/staging.varesenews.it\/#\/schema\/person\/709ae3769f6b4dbde8ec332baede8a5b\"},\"description\":\"Con il \\\"Desenzano Garda Flowers\\\" la struttura di attivit\u00e0 velistica regionale \u00e8 ripartita, in attesa di nuovi eventi gi\u00e0 in programma\",\"breadcrumb\":{\"@id\":\"https:\/\/staging.varesenews.it\/2020\/09\/vela-uisp-lombardia-riparte-col-vento-poppa\/961763\/#breadcrumb\"},\"inLanguage\":\"it-IT\",\"potentialAction\":[{\"@type\":\"ReadAction\",\"target\":[\"https:\/\/staging.varesenews.it\/2020\/09\/vela-uisp-lombardia-riparte-col-vento-poppa\/961763\/\"]}]},{\"@type\":\"BreadcrumbList\",\"@id\":\"https:\/\/staging.varesenews.it\/2020\/09\/vela-uisp-lombardia-riparte-col-vento-poppa\/961763\/#breadcrumb\",\"itemListElement\":[{\"@type\":\"ListItem\",\"position\":1,\"name\":\"Home\",\"item\":\"https:\/\/www.varesenews.it\/\"},{\"@type\":\"ListItem\",\"position\":2,\"name\":\"Vela: UISP Lombardia riparte col vento in poppa\"}]},{\"@type\":\"WebSite\",\"@id\":\"https:\/\/staging.varesenews.it\/#website\",\"url\":\"https:\/\/staging.varesenews.it\/\",\"name\":\"VareseNews\",\"description\":\"\",\"potentialAction\":[{\"@type\":\"SearchAction\",\"target\":{\"@type\":\"EntryPoint\",\"urlTemplate\":\"https:\/\/staging.varesenews.it\/?s={search_term_string}\"},\"query-input\":\"required name=search_term_string\"}],\"inLanguage\":\"it-IT\"},{\"@type\":\"Person\",\"@id\":\"https:\/\/staging.varesenews.it\/#\/schema\/person\/709ae3769f6b4dbde8ec332baede8a5b\",\"name\":\"Damiano Franzetti\",\"image\":{\"@type\":\"ImageObject\",\"inLanguage\":\"it-IT\",\"@id\":\"https:\/\/staging.varesenews.it\/#\/schema\/person\/image\/\",\"url\":\"https:\/\/staging.varesenews.it\/wp-content\/uploads\/2020\/12\/damiano_franzetti_colori_500.jpg\",\"contentUrl\":\"https:\/\/staging.varesenews.it\/wp-content\/uploads\/2020\/12\/damiano_franzetti_colori_500.jpg\",\"caption\":\"Damiano Franzetti\"},\"description\":\"Classe 1976, una laurea (nel cassetto) in scienze e tecnologie alimentari; sono giornalista professionista dal 2009 nato e cresciuto con VareseNews dove mi occupo soprattutto di sport ormai da vent&rsquo;anni. Inviato sui campi (sulle piste, sulle strade...), intervistatore, coordinatore e responsabile delle pagine sportive, mi ritaglio volentieri lo spazio per scrivere di birra sul blog Malto Gradimento. Ho seguito innumerevoli campionati di Serie A di basket, di serie B di calcio, due Mondiali di ciclismo, qualche Giro d&rsquo;;Italia e tanto altro ancora. Collaboro con Tuttosport e altre testate, mi diletto di social. Ho una moglie, un figlio, vivo nella mia Gemonio e ho purtroppo smesso con il basket giocato. &nbsp;\",\"sameAs\":[\"damianofranz\",\"https:\/\/www.linkedin.com\/profile\/view?id=241597124&trk=nav_responsive_tab_profile\",\"https:\/\/twitter.com\/damianofranz\"],\"url\":\"https:\/\/staging.varesenews.it\/persona\/damiano_franzetti-2\/\"}]}<\/script>\n<!-- \/ Yoast SEO plugin. -->","yoast_head_json":{"title":"Vela: UISP Lombardia riparte col vento in poppa","description":"Con il \"Desenzano Garda Flowers\" la struttura di attivit\u00e0 velistica regionale \u00e8 ripartita, in attesa di nuovi eventi gi\u00e0 in programma","robots":{"index":"noindex","follow":"follow","max-snippet":"max-snippet:-1","max-image-preview":"max-image-preview:large","max-video-preview":"max-video-preview:-1"},"og_locale":"it_IT","og_type":"article","og_title":"Vela: UISP Lombardia riparte col vento in poppa","og_description":"Con il \"Desenzano Garda Flowers\" la struttura di attivit\u00e0 velistica regionale \u00e8 ripartita, in attesa di nuovi eventi gi\u00e0 in programma","og_url":"https:\/\/staging.varesenews.it\/2020\/09\/vela-uisp-lombardia-riparte-col-vento-poppa\/961763\/","og_site_name":"VareseNews","article_publisher":"https:\/\/www.facebook.com\/varesenews","article_published_time":"2020-09-17T06:27:08+00:00","article_modified_time":"2020-09-16T21:42:12+00:00","author":"Damiano Franzetti","twitter_card":"summary_large_image","twitter_creator":"@damianofranz","twitter_site":"@varesenews","twitter_misc":{"Scritto da":"Damiano Franzetti","Tempo di lettura stimato":"1 minuto"},"schema":{"@context":"https:\/\/schema.org","@graph":[{"@type":"WebPage","@id":"https:\/\/staging.varesenews.it\/2020\/09\/vela-uisp-lombardia-riparte-col-vento-poppa\/961763\/","url":"https:\/\/staging.varesenews.it\/2020\/09\/vela-uisp-lombardia-riparte-col-vento-poppa\/961763\/","name":"Vela: UISP Lombardia riparte col vento in poppa","isPartOf":{"@id":"https:\/\/staging.varesenews.it\/#website"},"datePublished":"2020-09-17T06:27:08+00:00","dateModified":"2020-09-16T21:42:12+00:00","author":{"@id":"https:\/\/staging.varesenews.it\/#\/schema\/person\/709ae3769f6b4dbde8ec332baede8a5b"},"description":"Con il \"Desenzano Garda Flowers\" la struttura di attivit\u00e0 velistica regionale \u00e8 ripartita, in attesa di nuovi eventi gi\u00e0 in programma","breadcrumb":{"@id":"https:\/\/staging.varesenews.it\/2020\/09\/vela-uisp-lombardia-riparte-col-vento-poppa\/961763\/#breadcrumb"},"inLanguage":"it-IT","potentialAction":[{"@type":"ReadAction","target":["https:\/\/staging.varesenews.it\/2020\/09\/vela-uisp-lombardia-riparte-col-vento-poppa\/961763\/"]}]},{"@type":"BreadcrumbList","@id":"https:\/\/staging.varesenews.it\/2020\/09\/vela-uisp-lombardia-riparte-col-vento-poppa\/961763\/#breadcrumb","itemListElement":[{"@type":"ListItem","position":1,"name":"Home","item":"https:\/\/www.varesenews.it\/"},{"@type":"ListItem","position":2,"name":"Vela: UISP Lombardia riparte col vento in poppa"}]},{"@type":"WebSite","@id":"https:\/\/staging.varesenews.it\/#website","url":"https:\/\/staging.varesenews.it\/","name":"VareseNews","description":"","potentialAction":[{"@type":"SearchAction","target":{"@type":"EntryPoint","urlTemplate":"https:\/\/staging.varesenews.it\/?s={search_term_string}"},"query-input":"required name=search_term_string"}],"inLanguage":"it-IT"},{"@type":"Person","@id":"https:\/\/staging.varesenews.it\/#\/schema\/person\/709ae3769f6b4dbde8ec332baede8a5b","name":"Damiano Franzetti","image":{"@type":"ImageObject","inLanguage":"it-IT","@id":"https:\/\/staging.varesenews.it\/#\/schema\/person\/image\/","url":"https:\/\/staging.varesenews.it\/wp-content\/uploads\/2020\/12\/damiano_franzetti_colori_500.jpg","contentUrl":"https:\/\/staging.varesenews.it\/wp-content\/uploads\/2020\/12\/damiano_franzetti_colori_500.jpg","caption":"Damiano Franzetti"},"description":"Classe 1976, una laurea (nel cassetto) in scienze e tecnologie alimentari; sono giornalista professionista dal 2009 nato e cresciuto con VareseNews dove mi occupo soprattutto di sport ormai da vent&rsquo;anni. Inviato sui campi (sulle piste, sulle strade...), intervistatore, coordinatore e responsabile delle pagine sportive, mi ritaglio volentieri lo spazio per scrivere di birra sul blog Malto Gradimento. Ho seguito innumerevoli campionati di Serie A di basket, di serie B di calcio, due Mondiali di ciclismo, qualche Giro d&rsquo;;Italia e tanto altro ancora. Collaboro con Tuttosport e altre testate, mi diletto di social. Ho una moglie, un figlio, vivo nella mia Gemonio e ho purtroppo smesso con il basket giocato. &nbsp;","sameAs":["damianofranz","https:\/\/www.linkedin.com\/profile\/view?id=241597124&trk=nav_responsive_tab_profile","https:\/\/twitter.com\/damianofranz"],"url":"https:\/\/staging.varesenews.it\/persona\/damiano_franzetti-2\/"}]}},"post_meta":{"_edit_lock":"1600293219:38","_edit_last":"38","_category_permalink":"a:1:{s:8:\"category\";s:2:\"14\";}","foto":"1175172","firma-personalizzata":"Fabio Spaterna \u2013 redazione Uisp Lombardia","argomento":"Speciale UISP","_yoast_wpseo_content_score":"30","_jd_tweet_this":"yes","_wpt_short_url":"http:\/\/www.varesenews.it\/2020\/09\/vela-uisp-lombardia-riparte-col-vento-poppa\/961763\/","_wp_jd_target":"http:\/\/www.varesenews.it\/2020\/09\/vela-uisp-lombardia-riparte-col-vento-poppa\/961763\/","_jd_wp_twitter":"a:1:{i:0;s:167:\"Vela: UISP Lombardia riparte col vento in poppa http:\/\/www.varesenews.it\/2020\/09\/vela-uisp-lombardia-riparte-col-vento-poppa\/961763\/ #specialeuisp #uisplombardia #vela\";}","_wpt_status_message":"Tweet inviato con successo.","_encloseme":"1","ratings_users":"0","ratings_score":"0","ratings_average":"0","id_leggi_anche":"961834"},"photos":[{"original":"https:\/\/staging.varesenews.it\/photogallery_new\/images\/2020\/09\/vela-uisp-1175172.jpg","full":"https:\/\/staging.varesenews.it\/photogallery_new\/images\/2020\/09\/vela-uisp-1175172.1024x768.jpg","large":"https:\/\/staging.varesenews.it\/photogallery_new\/images\/2020\/09\/vela-uisp-1175172.610x431.jpg"}],"_links":{"self":[{"href":"https:\/\/staging.varesenews.it\/swgapi\/v1\/wp\/v2\/posts\/961763"}],"collection":[{"href":"https:\/\/staging.varesenews.it\/swgapi\/v1\/wp\/v2\/posts"}],"about":[{"href":"https:\/\/staging.varesenews.it\/swgapi\/v1\/wp\/v2\/types\/post"}],"author":[{"embeddable":true,"href":"https:\/\/staging.varesenews.it\/swgapi\/v1\/wp\/v2\/users\/38"}],"replies":[{"embeddable":true,"href":"https:\/\/staging.varesenews.it\/swgapi\/v1\/wp\/v2\/comments?post=961763"}],"version-history":[{"count":0,"href":"https:\/\/staging.varesenews.it\/swgapi\/v1\/wp\/v2\/posts\/961763\/revisions"}],"wp:attachment":[{"href":"https:\/\/staging.varesenews.it\/swgapi\/v1\/wp\/v2\/media?parent=961763"}],"wp:term":[{"taxonomy":"category","embeddable":true,"href":"https:\/\/staging.varesenews.it\/swgapi\/v1\/wp\/v2\/categories?post=961763"},{"taxonomy":"post_tag","embeddable":true,"href":"https:\/\/staging.varesenews.it\/swgapi\/v1\/wp\/v2\/tags?post=961763"}],"curies":[{"name":"wp","href":"https:\/\/api.w.org\/{rel}","templated":true}]}}