{"id":961921,"date":"2020-09-17T16:13:32","date_gmt":"2020-09-17T14:13:32","guid":{"rendered":"https:\/\/www.varesenews.it\/?p=961921"},"modified":"2020-09-17T16:14:12","modified_gmt":"2020-09-17T14:14:12","slug":"due-nuovi-arrivi-lattacco-dei-mastini-varese","status":"publish","type":"post","link":"https:\/\/staging.varesenews.it\/2020\/09\/due-nuovi-arrivi-lattacco-dei-mastini-varese\/961921\/","title":{"rendered":"Due nuovi arrivi per l&#8217;attacco dei Mastini Varese"},"content":{"rendered":"<p>Continua a prendere forma il roster dei<strong> Mastini Varese<\/strong> impegnati nel prossimo campionato della <strong>Italian Hockey League<\/strong>. La societ\u00e0 del presidente Matteo Torchio ha annunciato quest&#8217;oggi l&#8217;arrivo di due attaccanti, <strong>Stefano Gherardi e Andrea Gasparini<\/strong>, anche se il primo pu\u00f2 occasionalmente ricoprire anche ruoli difensivi.<\/p>\n<p>Il pi\u00f9 esperto \u00e8 proprio <strong>Gherardi, 27enne cresciuto nel Milano e poi passato al Chiavenna<\/strong> con cui ha disputato le ultime due stagioni in Division I (la terza categoria per importanza): 8 gol e 12 anni per lui nel 2019-20. In passato per\u00f2 ha gi\u00e0 giocato diversi campionati in quella che oggi \u00e8 la IHL, vestendo in prestito per qualche partita anche la casacca giallonera. Alto 1,78, offrir\u00e0 a Dev\u00e8ze una <strong>alternativa tra le linee di attacco<\/strong> dei Mastini del futuro prossimo.<\/p>\n<p>Il secondo nome nuovo \u00e8 quello di A<strong>ndrea Gasparini, nato a Como ma di scuola elvetica<\/strong> visto che ha sempre giocato oltre confine: inizi a Chiasso per le giovanili e approdo <strong>al Lugano nel 2018 , prima nell&#8217;under 17 e poi nell&#8217;under 20<\/strong> della formazione bianconera nonostante sia solo un <strong>2002.<\/strong> Buon fisico senza essere un gigante (1,70 per 80 chili), \u00e8 descritto come giocatore dotato di buon controllo del disco e di interessanti capacit\u00e0 tecniche: la <strong>dirigenza del Varese ha creduto in lui<\/strong> e lo ha voluto dare a Dev\u00e8ze in modo da provarlo in un campionato senior, anche piuttosto complicato come la IHL.<\/p>\n","protected":false},"excerpt":{"rendered":"<p>Stefano Gherardi, 27 anni, arriva dal Chiavenna; i gialloneri scommettono sul giovanissimo Andrea Gasparini, preso dall&#8217;under 20 del Lugano<\/p>\n","protected":false},"author":38,"featured_media":0,"comment_status":"open","ping_status":"open","sticky":false,"template":"","format":"standard","meta":{"footnotes":""},"categories":[14,2],"tags":[264,89048],"acf":[],"yoast_head":"<!-- This site is optimized with the Yoast SEO plugin v20.1 - https:\/\/yoast.com\/wordpress\/plugins\/seo\/ -->\n<title>Due nuovi arrivi per l&#039;attacco dei Mastini Varese<\/title>\n<meta name=\"description\" content=\"Stefano Gherardi, 27 anni, arriva dal Chiavenna; i gialloneri scommettono sul giovanissimo Andrea Gasparini, preso dall&#039;under 20 del Lugano\" \/>\n<meta name=\"robots\" content=\"noindex, follow, max-snippet:-1, max-image-preview:large, max-video-preview:-1\" \/>\n<meta property=\"og:locale\" content=\"it_IT\" \/>\n<meta property=\"og:type\" content=\"article\" \/>\n<meta property=\"og:title\" content=\"Due nuovi arrivi per l&#039;attacco dei Mastini Varese\" \/>\n<meta property=\"og:description\" content=\"Stefano Gherardi, 27 anni, arriva dal Chiavenna; i gialloneri scommettono sul giovanissimo Andrea Gasparini, preso dall&#039;under 20 del Lugano\" \/>\n<meta property=\"og:url\" content=\"https:\/\/staging.varesenews.it\/2020\/09\/due-nuovi-arrivi-lattacco-dei-mastini-varese\/961921\/\" \/>\n<meta property=\"og:site_name\" content=\"VareseNews\" \/>\n<meta property=\"article:publisher\" content=\"https:\/\/www.facebook.com\/varesenews\" \/>\n<meta property=\"article:published_time\" content=\"2020-09-17T14:13:32+00:00\" \/>\n<meta property=\"article:modified_time\" content=\"2020-09-17T14:14:12+00:00\" \/>\n<meta name=\"author\" content=\"Damiano Franzetti\" \/>\n<meta name=\"twitter:card\" content=\"summary_large_image\" \/>\n<meta name=\"twitter:creator\" content=\"@damianofranz\" \/>\n<meta name=\"twitter:site\" content=\"@varesenews\" \/>\n<meta name=\"twitter:label1\" content=\"Scritto da\" \/>\n\t<meta name=\"twitter:data1\" content=\"Damiano Franzetti\" \/>\n\t<meta name=\"twitter:label2\" content=\"Tempo di lettura stimato\" \/>\n\t<meta name=\"twitter:data2\" content=\"1 minuto\" \/>\n<script type=\"application\/ld+json\" class=\"yoast-schema-graph\">{\"@context\":\"https:\/\/schema.org\",\"@graph\":[{\"@type\":\"WebPage\",\"@id\":\"https:\/\/staging.varesenews.it\/2020\/09\/due-nuovi-arrivi-lattacco-dei-mastini-varese\/961921\/\",\"url\":\"https:\/\/staging.varesenews.it\/2020\/09\/due-nuovi-arrivi-lattacco-dei-mastini-varese\/961921\/\",\"name\":\"Due nuovi arrivi per l'attacco dei Mastini Varese\",\"isPartOf\":{\"@id\":\"https:\/\/staging.varesenews.it\/#website\"},\"datePublished\":\"2020-09-17T14:13:32+00:00\",\"dateModified\":\"2020-09-17T14:14:12+00:00\",\"author\":{\"@id\":\"https:\/\/staging.varesenews.it\/#\/schema\/person\/709ae3769f6b4dbde8ec332baede8a5b\"},\"description\":\"Stefano Gherardi, 27 anni, arriva dal Chiavenna; i gialloneri scommettono sul giovanissimo Andrea Gasparini, preso dall'under 20 del Lugano\",\"breadcrumb\":{\"@id\":\"https:\/\/staging.varesenews.it\/2020\/09\/due-nuovi-arrivi-lattacco-dei-mastini-varese\/961921\/#breadcrumb\"},\"inLanguage\":\"it-IT\",\"potentialAction\":[{\"@type\":\"ReadAction\",\"target\":[\"https:\/\/staging.varesenews.it\/2020\/09\/due-nuovi-arrivi-lattacco-dei-mastini-varese\/961921\/\"]}]},{\"@type\":\"BreadcrumbList\",\"@id\":\"https:\/\/staging.varesenews.it\/2020\/09\/due-nuovi-arrivi-lattacco-dei-mastini-varese\/961921\/#breadcrumb\",\"itemListElement\":[{\"@type\":\"ListItem\",\"position\":1,\"name\":\"Home\",\"item\":\"https:\/\/www.varesenews.it\/\"},{\"@type\":\"ListItem\",\"position\":2,\"name\":\"Due nuovi arrivi per l&#8217;attacco dei Mastini Varese\"}]},{\"@type\":\"WebSite\",\"@id\":\"https:\/\/staging.varesenews.it\/#website\",\"url\":\"https:\/\/staging.varesenews.it\/\",\"name\":\"VareseNews\",\"description\":\"\",\"potentialAction\":[{\"@type\":\"SearchAction\",\"target\":{\"@type\":\"EntryPoint\",\"urlTemplate\":\"https:\/\/staging.varesenews.it\/?s={search_term_string}\"},\"query-input\":\"required name=search_term_string\"}],\"inLanguage\":\"it-IT\"},{\"@type\":\"Person\",\"@id\":\"https:\/\/staging.varesenews.it\/#\/schema\/person\/709ae3769f6b4dbde8ec332baede8a5b\",\"name\":\"Damiano Franzetti\",\"image\":{\"@type\":\"ImageObject\",\"inLanguage\":\"it-IT\",\"@id\":\"https:\/\/staging.varesenews.it\/#\/schema\/person\/image\/\",\"url\":\"https:\/\/staging.varesenews.it\/wp-content\/uploads\/2020\/12\/damiano_franzetti_colori_500.jpg\",\"contentUrl\":\"https:\/\/staging.varesenews.it\/wp-content\/uploads\/2020\/12\/damiano_franzetti_colori_500.jpg\",\"caption\":\"Damiano Franzetti\"},\"description\":\"Classe 1976, una laurea (nel cassetto) in scienze e tecnologie alimentari; sono giornalista professionista dal 2009 nato e cresciuto con VareseNews dove mi occupo soprattutto di sport ormai da vent&rsquo;anni. Inviato sui campi (sulle piste, sulle strade...), intervistatore, coordinatore e responsabile delle pagine sportive, mi ritaglio volentieri lo spazio per scrivere di birra sul blog Malto Gradimento. Ho seguito innumerevoli campionati di Serie A di basket, di serie B di calcio, due Mondiali di ciclismo, qualche Giro d&rsquo;;Italia e tanto altro ancora. Collaboro con Tuttosport e altre testate, mi diletto di social. Ho una moglie, un figlio, vivo nella mia Gemonio e ho purtroppo smesso con il basket giocato. &nbsp;\",\"sameAs\":[\"damianofranz\",\"https:\/\/www.linkedin.com\/profile\/view?id=241597124&trk=nav_responsive_tab_profile\",\"https:\/\/twitter.com\/damianofranz\"],\"url\":\"https:\/\/staging.varesenews.it\/persona\/damiano_franzetti-2\/\"}]}<\/script>\n<!-- \/ Yoast SEO plugin. -->","yoast_head_json":{"title":"Due nuovi arrivi per l'attacco dei Mastini Varese","description":"Stefano Gherardi, 27 anni, arriva dal Chiavenna; i gialloneri scommettono sul giovanissimo Andrea Gasparini, preso dall'under 20 del Lugano","robots":{"index":"noindex","follow":"follow","max-snippet":"max-snippet:-1","max-image-preview":"max-image-preview:large","max-video-preview":"max-video-preview:-1"},"og_locale":"it_IT","og_type":"article","og_title":"Due nuovi arrivi per l'attacco dei Mastini Varese","og_description":"Stefano Gherardi, 27 anni, arriva dal Chiavenna; i gialloneri scommettono sul giovanissimo Andrea Gasparini, preso dall'under 20 del Lugano","og_url":"https:\/\/staging.varesenews.it\/2020\/09\/due-nuovi-arrivi-lattacco-dei-mastini-varese\/961921\/","og_site_name":"VareseNews","article_publisher":"https:\/\/www.facebook.com\/varesenews","article_published_time":"2020-09-17T14:13:32+00:00","article_modified_time":"2020-09-17T14:14:12+00:00","author":"Damiano Franzetti","twitter_card":"summary_large_image","twitter_creator":"@damianofranz","twitter_site":"@varesenews","twitter_misc":{"Scritto da":"Damiano Franzetti","Tempo di lettura stimato":"1 minuto"},"schema":{"@context":"https:\/\/schema.org","@graph":[{"@type":"WebPage","@id":"https:\/\/staging.varesenews.it\/2020\/09\/due-nuovi-arrivi-lattacco-dei-mastini-varese\/961921\/","url":"https:\/\/staging.varesenews.it\/2020\/09\/due-nuovi-arrivi-lattacco-dei-mastini-varese\/961921\/","name":"Due nuovi arrivi per l'attacco dei Mastini Varese","isPartOf":{"@id":"https:\/\/staging.varesenews.it\/#website"},"datePublished":"2020-09-17T14:13:32+00:00","dateModified":"2020-09-17T14:14:12+00:00","author":{"@id":"https:\/\/staging.varesenews.it\/#\/schema\/person\/709ae3769f6b4dbde8ec332baede8a5b"},"description":"Stefano Gherardi, 27 anni, arriva dal Chiavenna; i gialloneri scommettono sul giovanissimo Andrea Gasparini, preso dall'under 20 del Lugano","breadcrumb":{"@id":"https:\/\/staging.varesenews.it\/2020\/09\/due-nuovi-arrivi-lattacco-dei-mastini-varese\/961921\/#breadcrumb"},"inLanguage":"it-IT","potentialAction":[{"@type":"ReadAction","target":["https:\/\/staging.varesenews.it\/2020\/09\/due-nuovi-arrivi-lattacco-dei-mastini-varese\/961921\/"]}]},{"@type":"BreadcrumbList","@id":"https:\/\/staging.varesenews.it\/2020\/09\/due-nuovi-arrivi-lattacco-dei-mastini-varese\/961921\/#breadcrumb","itemListElement":[{"@type":"ListItem","position":1,"name":"Home","item":"https:\/\/www.varesenews.it\/"},{"@type":"ListItem","position":2,"name":"Due nuovi arrivi per l&#8217;attacco dei Mastini Varese"}]},{"@type":"WebSite","@id":"https:\/\/staging.varesenews.it\/#website","url":"https:\/\/staging.varesenews.it\/","name":"VareseNews","description":"","potentialAction":[{"@type":"SearchAction","target":{"@type":"EntryPoint","urlTemplate":"https:\/\/staging.varesenews.it\/?s={search_term_string}"},"query-input":"required name=search_term_string"}],"inLanguage":"it-IT"},{"@type":"Person","@id":"https:\/\/staging.varesenews.it\/#\/schema\/person\/709ae3769f6b4dbde8ec332baede8a5b","name":"Damiano Franzetti","image":{"@type":"ImageObject","inLanguage":"it-IT","@id":"https:\/\/staging.varesenews.it\/#\/schema\/person\/image\/","url":"https:\/\/staging.varesenews.it\/wp-content\/uploads\/2020\/12\/damiano_franzetti_colori_500.jpg","contentUrl":"https:\/\/staging.varesenews.it\/wp-content\/uploads\/2020\/12\/damiano_franzetti_colori_500.jpg","caption":"Damiano Franzetti"},"description":"Classe 1976, una laurea (nel cassetto) in scienze e tecnologie alimentari; sono giornalista professionista dal 2009 nato e cresciuto con VareseNews dove mi occupo soprattutto di sport ormai da vent&rsquo;anni. Inviato sui campi (sulle piste, sulle strade...), intervistatore, coordinatore e responsabile delle pagine sportive, mi ritaglio volentieri lo spazio per scrivere di birra sul blog Malto Gradimento. Ho seguito innumerevoli campionati di Serie A di basket, di serie B di calcio, due Mondiali di ciclismo, qualche Giro d&rsquo;;Italia e tanto altro ancora. Collaboro con Tuttosport e altre testate, mi diletto di social. Ho una moglie, un figlio, vivo nella mia Gemonio e ho purtroppo smesso con il basket giocato. &nbsp;","sameAs":["damianofranz","https:\/\/www.linkedin.com\/profile\/view?id=241597124&trk=nav_responsive_tab_profile","https:\/\/twitter.com\/damianofranz"],"url":"https:\/\/staging.varesenews.it\/persona\/damiano_franzetti-2\/"}]}},"post_meta":{"_edit_lock":"1600353086:38","_edit_last":"38","_category_permalink":"a:1:{s:8:\"category\";s:2:\"14\";}","_encloseme":"1","ratings_users":"0","ratings_score":"0","ratings_average":"0","foto":"1175266","firma-personalizzata":"d. f.","argomento":"Hockey su ghiaccio","_yoast_wpseo_content_score":"30","_jd_tweet_this":"yes","_wpt_short_url":"https:\/\/www.varesenews.it\/2020\/09\/due-nuovi-arrivi-lattacco-dei-mastini-varese\/961921\/","_wp_jd_target":"https:\/\/www.varesenews.it\/2020\/09\/due-nuovi-arrivi-lattacco-dei-mastini-varese\/961921\/","_jd_wp_twitter":"a:1:{i:0;s:139:\"Due nuovi arrivi per l\u2019attacco dei Mastini Varese https:\/\/www.varesenews.it\/2020\/09\/due-nuovi-arrivi-lattacco-dei-mastini-varese\/961921\/ \";}","_wpt_status_message":"Tweet inviato con successo."},"photos":[{"original":"https:\/\/staging.varesenews.it\/photogallery_new\/images\/2020\/09\/stefano-gherardi-hockey-1175266.jpg","full":"https:\/\/staging.varesenews.it\/photogallery_new\/images\/2020\/09\/stefano-gherardi-hockey-1175266.1024x768.jpg","large":"https:\/\/staging.varesenews.it\/photogallery_new\/images\/2020\/09\/stefano-gherardi-hockey-1175266.610x431.jpg"}],"_links":{"self":[{"href":"https:\/\/staging.varesenews.it\/swgapi\/v1\/wp\/v2\/posts\/961921"}],"collection":[{"href":"https:\/\/staging.varesenews.it\/swgapi\/v1\/wp\/v2\/posts"}],"about":[{"href":"https:\/\/staging.varesenews.it\/swgapi\/v1\/wp\/v2\/types\/post"}],"author":[{"embeddable":true,"href":"https:\/\/staging.varesenews.it\/swgapi\/v1\/wp\/v2\/users\/38"}],"replies":[{"embeddable":true,"href":"https:\/\/staging.varesenews.it\/swgapi\/v1\/wp\/v2\/comments?post=961921"}],"version-history":[{"count":0,"href":"https:\/\/staging.varesenews.it\/swgapi\/v1\/wp\/v2\/posts\/961921\/revisions"}],"wp:attachment":[{"href":"https:\/\/staging.varesenews.it\/swgapi\/v1\/wp\/v2\/media?parent=961921"}],"wp:term":[{"taxonomy":"category","embeddable":true,"href":"https:\/\/staging.varesenews.it\/swgapi\/v1\/wp\/v2\/categories?post=961921"},{"taxonomy":"post_tag","embeddable":true,"href":"https:\/\/staging.varesenews.it\/swgapi\/v1\/wp\/v2\/tags?post=961921"}],"curies":[{"name":"wp","href":"https:\/\/api.w.org\/{rel}","templated":true}]}}