{"id":96462,"date":"2012-02-17T00:00:00","date_gmt":"2012-02-17T00:00:00","guid":{"rendered":""},"modified":"2012-02-17T00:00:00","modified_gmt":"2012-02-17T00:00:00","slug":"racconti-di-migranti-di-ieri-e-di-oggi","status":"publish","type":"post","link":"https:\/\/staging.varesenews.it\/2012\/02\/racconti-di-migranti-di-ieri-e-di-oggi\/96462\/","title":{"rendered":"Racconti di migranti, di ieri e di oggi"},"content":{"rendered":"<p>Ascoltare racconti di esperienze vissute da chi &egrave; approdato sul nostro territorio da Paesi lontani o anche da altre Regioni d&rsquo;Italia pu&ograve; essere cos&igrave; interessante da  spenderci una serata? Il tema inserito nel <strong>progetto interculturale &quot;Mostra la lingua&quot;<\/strong>, finanziato dalla Fondazione Cariplo per il sistema bibliotecario Panizzi &egrave; pronto a raccogliere la sfida. Lo far&agrave; <strong>questa sera, 17 febbraio alle ore 21.00<\/strong>,  presso la <strong>Biblioteca Comunale &ldquo;Alda Merini&rdquo; di Casorate Sempione<\/strong><\/p>\n<p><img loading=\"lazy\" decoding=\"async\" width=\"250\" vspace=\"5\" hspace=\"5\" height=\"204\" border=\"1\" align=\"left\" src=\"https:\/\/www3.varesenews.it\/immagini_articoli\/201001\/emigranti.jpg\" alt=\"\" \/>Mahdi Rahali dal Marocco, tecnico meccanico, Martin Ona dall&rsquo;Argentina, artigiano del gelato, Cheikh Thiare  dal Senegal, operaio, Gaia Zaveruhia, dalla Russia, socia di una cooperativa di mediazione e Nora Parolo, insegnante in pensione, emigrata dal Veneto,  sono <strong> persone  che hanno in comune una storia di &quot;migrazione&quot;<\/strong>, spesso non facile ma che, con percorsi diversi, sono riuscite a costruirsi un solido futuro.<br \/>\nSe l&#8217;incontro tra culture, religioni e abitudini diverse &egrave; parte importante della quotidianit&agrave; della nostra societ&agrave; multirazziale e multiculturale, l&rsquo;ascoltare v<strong>icende di riscatto che hanno alla base forza di volont&agrave;, impegno e fede nei valori universali<\/strong> pu&ograve; diventare importante momento di riflessione. Qualcuno di loro &egrave; stato intervistato anche per quella che &egrave; diventata <strong>&quot;Valigie&quot;, una Mostra Itinerante <\/strong>che sta girando in tutti i comuni e che a Casorate sar&agrave; in esposizione nel periodo dal 30\/3 al 6\/4\/2012<\/p>\n","protected":false},"excerpt":{"rendered":"<p>L&#8217;insegnante Nora \u00e8 venuta tanti anni fa dal Veneto, Martin \u00e8 arrivato dall&#8217;Argentina per fare il gelato, Mahdi lavora in fabbrica: venerd\u00ec 17 febbraio in biblioteca un incontro tra esperienze di migranti italiani e stranieri <\/p>\n","protected":false},"author":10,"featured_media":0,"comment_status":"open","ping_status":"open","sticky":false,"template":"","format":"standard","meta":{"footnotes":""},"categories":[3,21],"tags":[1260,2902,390,13757],"acf":[],"yoast_head":"<!-- This site is optimized with the Yoast SEO plugin v20.1 - https:\/\/yoast.com\/wordpress\/plugins\/seo\/ -->\n<title>Racconti di migranti, di ieri e di oggi<\/title>\n<meta name=\"description\" content=\"L&#039;insegnante Nora \u00e8 venuta tanti anni fa dal Veneto, Martin \u00e8 arrivato dall&#039;Argentina per fare il gelato, Mahdi lavora in fabbrica: venerd\u00ec 17 febbraio in biblioteca un incontro tra esperienze di migranti italiani e stranieri\" \/>\n<meta name=\"robots\" content=\"noindex, follow, max-snippet:-1, max-image-preview:large, max-video-preview:-1\" \/>\n<meta property=\"og:locale\" content=\"it_IT\" \/>\n<meta property=\"og:type\" content=\"article\" \/>\n<meta property=\"og:title\" content=\"Racconti di migranti, di ieri e di oggi\" \/>\n<meta property=\"og:description\" content=\"L&#039;insegnante Nora \u00e8 venuta tanti anni fa dal Veneto, Martin \u00e8 arrivato dall&#039;Argentina per fare il gelato, Mahdi lavora in fabbrica: venerd\u00ec 17 febbraio in biblioteca un incontro tra esperienze di migranti italiani e stranieri\" \/>\n<meta property=\"og:url\" content=\"https:\/\/staging.varesenews.it\/2012\/02\/racconti-di-migranti-di-ieri-e-di-oggi\/96462\/\" \/>\n<meta property=\"og:site_name\" content=\"VareseNews\" \/>\n<meta property=\"article:publisher\" content=\"https:\/\/www.facebook.com\/varesenews\" \/>\n<meta property=\"article:published_time\" content=\"2012-02-17T00:00:00+00:00\" \/>\n<meta property=\"og:image\" content=\"https:\/\/www3.varesenews.it\/immagini_articoli\/201001\/emigranti.jpg\" \/>\n<meta name=\"author\" content=\"Redazione VareseNews\" \/>\n<meta name=\"twitter:card\" content=\"summary_large_image\" \/>\n<meta name=\"twitter:creator\" content=\"@varesenews\" \/>\n<meta name=\"twitter:site\" content=\"@varesenews\" \/>\n<meta name=\"twitter:label1\" content=\"Scritto da\" \/>\n\t<meta name=\"twitter:data1\" content=\"Redazione VareseNews\" \/>\n\t<meta name=\"twitter:label2\" content=\"Tempo di lettura stimato\" \/>\n\t<meta name=\"twitter:data2\" content=\"1 minuto\" \/>\n<script type=\"application\/ld+json\" class=\"yoast-schema-graph\">{\"@context\":\"https:\/\/schema.org\",\"@graph\":[{\"@type\":\"WebPage\",\"@id\":\"https:\/\/staging.varesenews.it\/2012\/02\/racconti-di-migranti-di-ieri-e-di-oggi\/96462\/\",\"url\":\"https:\/\/staging.varesenews.it\/2012\/02\/racconti-di-migranti-di-ieri-e-di-oggi\/96462\/\",\"name\":\"Racconti di migranti, di ieri e di oggi\",\"isPartOf\":{\"@id\":\"https:\/\/staging.varesenews.it\/#website\"},\"datePublished\":\"2012-02-17T00:00:00+00:00\",\"dateModified\":\"2012-02-17T00:00:00+00:00\",\"author\":{\"@id\":\"https:\/\/staging.varesenews.it\/#\/schema\/person\/fb20c4da0b7b16c291707a20db73e169\"},\"description\":\"L'insegnante Nora \u00e8 venuta tanti anni fa dal Veneto, Martin \u00e8 arrivato dall'Argentina per fare il gelato, Mahdi lavora in fabbrica: venerd\u00ec 17 febbraio in biblioteca un incontro tra esperienze di migranti italiani e stranieri\",\"breadcrumb\":{\"@id\":\"https:\/\/staging.varesenews.it\/2012\/02\/racconti-di-migranti-di-ieri-e-di-oggi\/96462\/#breadcrumb\"},\"inLanguage\":\"it-IT\",\"potentialAction\":[{\"@type\":\"ReadAction\",\"target\":[\"https:\/\/staging.varesenews.it\/2012\/02\/racconti-di-migranti-di-ieri-e-di-oggi\/96462\/\"]}]},{\"@type\":\"BreadcrumbList\",\"@id\":\"https:\/\/staging.varesenews.it\/2012\/02\/racconti-di-migranti-di-ieri-e-di-oggi\/96462\/#breadcrumb\",\"itemListElement\":[{\"@type\":\"ListItem\",\"position\":1,\"name\":\"Home\",\"item\":\"https:\/\/www.varesenews.it\/\"},{\"@type\":\"ListItem\",\"position\":2,\"name\":\"Racconti di migranti, di ieri e di oggi\"}]},{\"@type\":\"WebSite\",\"@id\":\"https:\/\/staging.varesenews.it\/#website\",\"url\":\"https:\/\/staging.varesenews.it\/\",\"name\":\"VareseNews\",\"description\":\"\",\"potentialAction\":[{\"@type\":\"SearchAction\",\"target\":{\"@type\":\"EntryPoint\",\"urlTemplate\":\"https:\/\/staging.varesenews.it\/?s={search_term_string}\"},\"query-input\":\"required name=search_term_string\"}],\"inLanguage\":\"it-IT\"},{\"@type\":\"Person\",\"@id\":\"https:\/\/staging.varesenews.it\/#\/schema\/person\/fb20c4da0b7b16c291707a20db73e169\",\"name\":\"Redazione VareseNews\",\"image\":{\"@type\":\"ImageObject\",\"inLanguage\":\"it-IT\",\"@id\":\"https:\/\/staging.varesenews.it\/#\/schema\/person\/image\/\",\"url\":\"https:\/\/staging.varesenews.it\/wp-content\/uploads\/2020\/12\/logo_VN_colori_500.png\",\"contentUrl\":\"https:\/\/staging.varesenews.it\/wp-content\/uploads\/2020\/12\/logo_VN_colori_500.png\",\"caption\":\"Redazione VareseNews\"},\"url\":\"https:\/\/staging.varesenews.it\/persona\/redazione1\/\"}]}<\/script>\n<!-- \/ Yoast SEO plugin. -->","yoast_head_json":{"title":"Racconti di migranti, di ieri e di oggi","description":"L'insegnante Nora \u00e8 venuta tanti anni fa dal Veneto, Martin \u00e8 arrivato dall'Argentina per fare il gelato, Mahdi lavora in fabbrica: venerd\u00ec 17 febbraio in biblioteca un incontro tra esperienze di migranti italiani e stranieri","robots":{"index":"noindex","follow":"follow","max-snippet":"max-snippet:-1","max-image-preview":"max-image-preview:large","max-video-preview":"max-video-preview:-1"},"og_locale":"it_IT","og_type":"article","og_title":"Racconti di migranti, di ieri e di oggi","og_description":"L'insegnante Nora \u00e8 venuta tanti anni fa dal Veneto, Martin \u00e8 arrivato dall'Argentina per fare il gelato, Mahdi lavora in fabbrica: venerd\u00ec 17 febbraio in biblioteca un incontro tra esperienze di migranti italiani e stranieri","og_url":"https:\/\/staging.varesenews.it\/2012\/02\/racconti-di-migranti-di-ieri-e-di-oggi\/96462\/","og_site_name":"VareseNews","article_publisher":"https:\/\/www.facebook.com\/varesenews","article_published_time":"2012-02-17T00:00:00+00:00","og_image":[{"url":"https:\/\/www3.varesenews.it\/immagini_articoli\/201001\/emigranti.jpg"}],"author":"Redazione VareseNews","twitter_card":"summary_large_image","twitter_creator":"@varesenews","twitter_site":"@varesenews","twitter_misc":{"Scritto da":"Redazione VareseNews","Tempo di lettura stimato":"1 minuto"},"schema":{"@context":"https:\/\/schema.org","@graph":[{"@type":"WebPage","@id":"https:\/\/staging.varesenews.it\/2012\/02\/racconti-di-migranti-di-ieri-e-di-oggi\/96462\/","url":"https:\/\/staging.varesenews.it\/2012\/02\/racconti-di-migranti-di-ieri-e-di-oggi\/96462\/","name":"Racconti di migranti, di ieri e di oggi","isPartOf":{"@id":"https:\/\/staging.varesenews.it\/#website"},"datePublished":"2012-02-17T00:00:00+00:00","dateModified":"2012-02-17T00:00:00+00:00","author":{"@id":"https:\/\/staging.varesenews.it\/#\/schema\/person\/fb20c4da0b7b16c291707a20db73e169"},"description":"L'insegnante Nora \u00e8 venuta tanti anni fa dal Veneto, Martin \u00e8 arrivato dall'Argentina per fare il gelato, Mahdi lavora in fabbrica: venerd\u00ec 17 febbraio in biblioteca un incontro tra esperienze di migranti italiani e stranieri","breadcrumb":{"@id":"https:\/\/staging.varesenews.it\/2012\/02\/racconti-di-migranti-di-ieri-e-di-oggi\/96462\/#breadcrumb"},"inLanguage":"it-IT","potentialAction":[{"@type":"ReadAction","target":["https:\/\/staging.varesenews.it\/2012\/02\/racconti-di-migranti-di-ieri-e-di-oggi\/96462\/"]}]},{"@type":"BreadcrumbList","@id":"https:\/\/staging.varesenews.it\/2012\/02\/racconti-di-migranti-di-ieri-e-di-oggi\/96462\/#breadcrumb","itemListElement":[{"@type":"ListItem","position":1,"name":"Home","item":"https:\/\/www.varesenews.it\/"},{"@type":"ListItem","position":2,"name":"Racconti di migranti, di ieri e di oggi"}]},{"@type":"WebSite","@id":"https:\/\/staging.varesenews.it\/#website","url":"https:\/\/staging.varesenews.it\/","name":"VareseNews","description":"","potentialAction":[{"@type":"SearchAction","target":{"@type":"EntryPoint","urlTemplate":"https:\/\/staging.varesenews.it\/?s={search_term_string}"},"query-input":"required name=search_term_string"}],"inLanguage":"it-IT"},{"@type":"Person","@id":"https:\/\/staging.varesenews.it\/#\/schema\/person\/fb20c4da0b7b16c291707a20db73e169","name":"Redazione VareseNews","image":{"@type":"ImageObject","inLanguage":"it-IT","@id":"https:\/\/staging.varesenews.it\/#\/schema\/person\/image\/","url":"https:\/\/staging.varesenews.it\/wp-content\/uploads\/2020\/12\/logo_VN_colori_500.png","contentUrl":"https:\/\/staging.varesenews.it\/wp-content\/uploads\/2020\/12\/logo_VN_colori_500.png","caption":"Redazione VareseNews"},"url":"https:\/\/staging.varesenews.it\/persona\/redazione1\/"}]}},"post_meta":{"id_old":"226008","argomento":"Casorate Sempione"},"photos":[],"_links":{"self":[{"href":"https:\/\/staging.varesenews.it\/swgapi\/v1\/wp\/v2\/posts\/96462"}],"collection":[{"href":"https:\/\/staging.varesenews.it\/swgapi\/v1\/wp\/v2\/posts"}],"about":[{"href":"https:\/\/staging.varesenews.it\/swgapi\/v1\/wp\/v2\/types\/post"}],"author":[{"embeddable":true,"href":"https:\/\/staging.varesenews.it\/swgapi\/v1\/wp\/v2\/users\/10"}],"replies":[{"embeddable":true,"href":"https:\/\/staging.varesenews.it\/swgapi\/v1\/wp\/v2\/comments?post=96462"}],"version-history":[{"count":0,"href":"https:\/\/staging.varesenews.it\/swgapi\/v1\/wp\/v2\/posts\/96462\/revisions"}],"wp:attachment":[{"href":"https:\/\/staging.varesenews.it\/swgapi\/v1\/wp\/v2\/media?parent=96462"}],"wp:term":[{"taxonomy":"category","embeddable":true,"href":"https:\/\/staging.varesenews.it\/swgapi\/v1\/wp\/v2\/categories?post=96462"},{"taxonomy":"post_tag","embeddable":true,"href":"https:\/\/staging.varesenews.it\/swgapi\/v1\/wp\/v2\/tags?post=96462"}],"curies":[{"name":"wp","href":"https:\/\/api.w.org\/{rel}","templated":true}]}}