{"id":966070,"date":"2020-09-30T15:05:23","date_gmt":"2020-09-30T13:05:23","guid":{"rendered":"http:\/\/www.varesenews.it\/2020\/09\/andrea-monti-lega-polemiche-su-ospedale-di-saronno-balle-della-sinistra\/966070\/"},"modified":"2020-09-30T15:05:23","modified_gmt":"2020-09-30T13:05:23","slug":"andrea-monti-lega-polemiche-su-ospedale-di-saronno-balle-della-sinistra","status":"publish","type":"post","link":"https:\/\/staging.varesenews.it\/2020\/09\/andrea-monti-lega-polemiche-su-ospedale-di-saronno-balle-della-sinistra\/966070\/","title":{"rendered":"Andrea Monti (Lega): \u201cPolemiche su Ospedale di Saronno? Balle della sinistra\u201d"},"content":{"rendered":"<p><a href=\"https:\/\/www.saronnonews.it\/2020\/09\/30\/loncologia-di-saronno-riprende-con-spazi-piu-ampi-per-i-letti-si-rinvia-a-gennaio\/\">L\u2019assessore al Welfare di Regione Lombardia Giulio Gallera ha inaugurato la nuova Tac<\/a>. Nel merito \u00e8 intervenuto il vice capogruppo della Lega al Pirellone, il lazzatese Andrea Monti, che risponde alle polemiche sollevate dal centrosinistra sul presidio.<\/p>\n<p>\u00abL\u2019evento di stamane \u00e8 la migliore dimostrazione \u2013 spiega Andrea Monti \u2013 di come gli attacchi della sinistra saronnese alla Regione siano strumentali e totalmente falsi. Del resto conosciamo bene i metodi utilizzati da una certa parte politica che, non avendo argomenti, \u00e8 costretta a inventarsi balle colossali per far parlare di s\u00e9. Ed \u00e8 in questo solco che si inseriscono le polemiche sulla fantomatica chiusura dell\u2019ospedale di Saronno; un\u2019operazione creata ad arte, che ha visto persino la nascita di comitati ad hoc, raccolte firme e via discorrendo, con il solo scopo di creare il panico tra la popolazione e vincere le elezioni comunali a suon di colpi bassi\u00bb.<\/p>\n<p>\u00abL\u2019inaugurazione della nuova Tac di stamattina dimostra, senza ombra di dubbio, come le intenzioni della Regione siano distanti anni luce dall\u2019idea di chiudere il presidio perch\u00e9, esattamente al contrario di quanto qualcuno va dicendo in giro, si sta investendo su di esso e sul suo potenziamento. Il candidato Airoldi si tranquillizzi dunque e magari si concentri sulla sua proposta politica per Saronno, sperando che questa comprenda anche qualcosa che non sia costruito sul nulla. Cosa di cui ci permettiamo di dubitare\u00bb.<\/p>\n","protected":false},"excerpt":{"rendered":"<p>Il consigliere regionale della Lega commenta l\u2019inaugurazione della nuova Tac e le polemiche sulla struttura ospedaliera cittadina<\/p>\n","protected":false},"author":39,"featured_media":0,"comment_status":"open","ping_status":"open","sticky":false,"template":"","format":"standard","meta":{"footnotes":""},"categories":[5],"tags":[],"acf":[],"yoast_head":"<!-- This site is optimized with the Yoast SEO plugin v20.1 - https:\/\/yoast.com\/wordpress\/plugins\/seo\/ -->\n<title>Andrea Monti (Lega): \u201cPolemiche su Ospedale di Saronno? Balle della sinistra\u201d<\/title>\n<meta name=\"description\" content=\"Il consigliere regionale della Lega commenta l\u2019inaugurazione della nuova Tac e le polemiche sulla struttura ospedaliera cittadina\" \/>\n<meta name=\"robots\" content=\"noindex, follow, max-snippet:-1, max-image-preview:large, max-video-preview:-1\" \/>\n<meta property=\"og:locale\" content=\"it_IT\" \/>\n<meta property=\"og:type\" content=\"article\" \/>\n<meta property=\"og:title\" content=\"Andrea Monti (Lega): \u201cPolemiche su Ospedale di Saronno? Balle della sinistra\u201d\" \/>\n<meta property=\"og:description\" content=\"Il consigliere regionale della Lega commenta l\u2019inaugurazione della nuova Tac e le polemiche sulla struttura ospedaliera cittadina\" \/>\n<meta property=\"og:url\" content=\"https:\/\/staging.varesenews.it\/2020\/09\/andrea-monti-lega-polemiche-su-ospedale-di-saronno-balle-della-sinistra\/966070\/\" \/>\n<meta property=\"og:site_name\" content=\"VareseNews\" \/>\n<meta property=\"article:publisher\" content=\"https:\/\/www.facebook.com\/varesenews\" \/>\n<meta property=\"article:author\" content=\"https:\/\/www.facebook.com\/tommaso.guidotti.7\" \/>\n<meta property=\"article:published_time\" content=\"2020-09-30T13:05:23+00:00\" \/>\n<meta name=\"author\" content=\"Tommaso Guidotti\" \/>\n<meta name=\"twitter:card\" content=\"summary_large_image\" \/>\n<meta name=\"twitter:creator\" content=\"@tomguidoz\" \/>\n<meta name=\"twitter:site\" content=\"@varesenews\" \/>\n<meta name=\"twitter:label1\" content=\"Scritto da\" \/>\n\t<meta name=\"twitter:data1\" content=\"Tommaso Guidotti\" \/>\n\t<meta name=\"twitter:label2\" content=\"Tempo di lettura stimato\" \/>\n\t<meta name=\"twitter:data2\" content=\"1 minuto\" \/>\n<script type=\"application\/ld+json\" class=\"yoast-schema-graph\">{\"@context\":\"https:\/\/schema.org\",\"@graph\":[{\"@type\":\"WebPage\",\"@id\":\"https:\/\/staging.varesenews.it\/2020\/09\/andrea-monti-lega-polemiche-su-ospedale-di-saronno-balle-della-sinistra\/966070\/\",\"url\":\"https:\/\/staging.varesenews.it\/2020\/09\/andrea-monti-lega-polemiche-su-ospedale-di-saronno-balle-della-sinistra\/966070\/\",\"name\":\"Andrea Monti (Lega): \u201cPolemiche su Ospedale di Saronno? Balle della sinistra\u201d\",\"isPartOf\":{\"@id\":\"https:\/\/staging.varesenews.it\/#website\"},\"datePublished\":\"2020-09-30T13:05:23+00:00\",\"dateModified\":\"2020-09-30T13:05:23+00:00\",\"author\":{\"@id\":\"https:\/\/staging.varesenews.it\/#\/schema\/person\/5ae9c65889c40fea73a6c40733b93f8a\"},\"description\":\"Il consigliere regionale della Lega commenta l\u2019inaugurazione della nuova Tac e le polemiche sulla struttura ospedaliera cittadina\",\"breadcrumb\":{\"@id\":\"https:\/\/staging.varesenews.it\/2020\/09\/andrea-monti-lega-polemiche-su-ospedale-di-saronno-balle-della-sinistra\/966070\/#breadcrumb\"},\"inLanguage\":\"it-IT\",\"potentialAction\":[{\"@type\":\"ReadAction\",\"target\":[\"https:\/\/staging.varesenews.it\/2020\/09\/andrea-monti-lega-polemiche-su-ospedale-di-saronno-balle-della-sinistra\/966070\/\"]}]},{\"@type\":\"BreadcrumbList\",\"@id\":\"https:\/\/staging.varesenews.it\/2020\/09\/andrea-monti-lega-polemiche-su-ospedale-di-saronno-balle-della-sinistra\/966070\/#breadcrumb\",\"itemListElement\":[{\"@type\":\"ListItem\",\"position\":1,\"name\":\"Home\",\"item\":\"https:\/\/www.varesenews.it\/\"},{\"@type\":\"ListItem\",\"position\":2,\"name\":\"Andrea Monti (Lega): \u201cPolemiche su Ospedale di Saronno? Balle della sinistra\u201d\"}]},{\"@type\":\"WebSite\",\"@id\":\"https:\/\/staging.varesenews.it\/#website\",\"url\":\"https:\/\/staging.varesenews.it\/\",\"name\":\"VareseNews\",\"description\":\"\",\"potentialAction\":[{\"@type\":\"SearchAction\",\"target\":{\"@type\":\"EntryPoint\",\"urlTemplate\":\"https:\/\/staging.varesenews.it\/?s={search_term_string}\"},\"query-input\":\"required name=search_term_string\"}],\"inLanguage\":\"it-IT\"},{\"@type\":\"Person\",\"@id\":\"https:\/\/staging.varesenews.it\/#\/schema\/person\/5ae9c65889c40fea73a6c40733b93f8a\",\"name\":\"Tommaso Guidotti\",\"image\":{\"@type\":\"ImageObject\",\"inLanguage\":\"it-IT\",\"@id\":\"https:\/\/staging.varesenews.it\/#\/schema\/person\/image\/\",\"url\":\"https:\/\/staging.varesenews.it\/wp-content\/uploads\/2020\/12\/tommaso_guidotti_colori_500.jpg\",\"contentUrl\":\"https:\/\/staging.varesenews.it\/wp-content\/uploads\/2020\/12\/tommaso_guidotti_colori_500.jpg\",\"caption\":\"Tommaso Guidotti\"},\"description\":\"Nato a Milano e trasferito nel Varesotto in tenera et&agrave;, sposato con Chiara dal 2012 e padre di due figli, Lorenzo e Alice. Sono laureato in Scienze Politiche e ho nel mio bagaglio lontani studi classici al Liceo Cairoli di Varese. Amo leggere, le serie tv, i viaggi e mi piace sperimentare e conoscere. La passione pi&ugrave; grande? Il calcio, giocato, simulato e guardato: occupo parte del mio tempo libero con quella che &egrave; pi&ugrave; di una squadra di calcio, i Bidone, una vera e propria seconda famiglia con cui ho portato avanti tanti progetti sportivi e benefici. Faccio parte dal 2004 della squadra di VareseNews e sono giornalista professionista dal 2009: per dieci anni ho ricoperto il ruolo di caporedattore. Dal 2019 coordino insieme ad una redazione di giovani collaboratori il nuovo progetto del gruppo nella zona del Saronnese, il giornale SaronnoNews, spin-off di VareseNews, restando comunque radicato al territorio di Casciago, paese che mi ha adottato e che amo moltissimo come il lago di Varese e Cazzago Brabbia, il paese dove ho vissuto da giovane.\",\"sameAs\":[\"https:\/\/www.facebook.com\/tommaso.guidotti.7\",\"tomguidoz80\",\"https:\/\/www.linkedin.com\/profile\/view?id=36891883&authType=name&authToken=9pNm&locale=en_US&goback=npv_36891883_*1_*1_name_9pNm_*1_*1_*1_*1_*1_*1_*1_*1_*1_*1_*1_*1_*1_*1_*1_*1_*1_*1_*1_*1_*1_*1_*1_*1_*1_*1_*1_*1_*1_*1_*1_*1_*1\",\"https:\/\/twitter.com\/tomguidoz\"],\"url\":\"https:\/\/staging.varesenews.it\/persona\/tommaso_guidotti\/\"}]}<\/script>\n<!-- \/ Yoast SEO plugin. -->","yoast_head_json":{"title":"Andrea Monti (Lega): \u201cPolemiche su Ospedale di Saronno? Balle della sinistra\u201d","description":"Il consigliere regionale della Lega commenta l\u2019inaugurazione della nuova Tac e le polemiche sulla struttura ospedaliera cittadina","robots":{"index":"noindex","follow":"follow","max-snippet":"max-snippet:-1","max-image-preview":"max-image-preview:large","max-video-preview":"max-video-preview:-1"},"og_locale":"it_IT","og_type":"article","og_title":"Andrea Monti (Lega): \u201cPolemiche su Ospedale di Saronno? Balle della sinistra\u201d","og_description":"Il consigliere regionale della Lega commenta l\u2019inaugurazione della nuova Tac e le polemiche sulla struttura ospedaliera cittadina","og_url":"https:\/\/staging.varesenews.it\/2020\/09\/andrea-monti-lega-polemiche-su-ospedale-di-saronno-balle-della-sinistra\/966070\/","og_site_name":"VareseNews","article_publisher":"https:\/\/www.facebook.com\/varesenews","article_author":"https:\/\/www.facebook.com\/tommaso.guidotti.7","article_published_time":"2020-09-30T13:05:23+00:00","author":"Tommaso Guidotti","twitter_card":"summary_large_image","twitter_creator":"@tomguidoz","twitter_site":"@varesenews","twitter_misc":{"Scritto da":"Tommaso Guidotti","Tempo di lettura stimato":"1 minuto"},"schema":{"@context":"https:\/\/schema.org","@graph":[{"@type":"WebPage","@id":"https:\/\/staging.varesenews.it\/2020\/09\/andrea-monti-lega-polemiche-su-ospedale-di-saronno-balle-della-sinistra\/966070\/","url":"https:\/\/staging.varesenews.it\/2020\/09\/andrea-monti-lega-polemiche-su-ospedale-di-saronno-balle-della-sinistra\/966070\/","name":"Andrea Monti (Lega): \u201cPolemiche su Ospedale di Saronno? Balle della sinistra\u201d","isPartOf":{"@id":"https:\/\/staging.varesenews.it\/#website"},"datePublished":"2020-09-30T13:05:23+00:00","dateModified":"2020-09-30T13:05:23+00:00","author":{"@id":"https:\/\/staging.varesenews.it\/#\/schema\/person\/5ae9c65889c40fea73a6c40733b93f8a"},"description":"Il consigliere regionale della Lega commenta l\u2019inaugurazione della nuova Tac e le polemiche sulla struttura ospedaliera cittadina","breadcrumb":{"@id":"https:\/\/staging.varesenews.it\/2020\/09\/andrea-monti-lega-polemiche-su-ospedale-di-saronno-balle-della-sinistra\/966070\/#breadcrumb"},"inLanguage":"it-IT","potentialAction":[{"@type":"ReadAction","target":["https:\/\/staging.varesenews.it\/2020\/09\/andrea-monti-lega-polemiche-su-ospedale-di-saronno-balle-della-sinistra\/966070\/"]}]},{"@type":"BreadcrumbList","@id":"https:\/\/staging.varesenews.it\/2020\/09\/andrea-monti-lega-polemiche-su-ospedale-di-saronno-balle-della-sinistra\/966070\/#breadcrumb","itemListElement":[{"@type":"ListItem","position":1,"name":"Home","item":"https:\/\/www.varesenews.it\/"},{"@type":"ListItem","position":2,"name":"Andrea Monti (Lega): \u201cPolemiche su Ospedale di Saronno? Balle della sinistra\u201d"}]},{"@type":"WebSite","@id":"https:\/\/staging.varesenews.it\/#website","url":"https:\/\/staging.varesenews.it\/","name":"VareseNews","description":"","potentialAction":[{"@type":"SearchAction","target":{"@type":"EntryPoint","urlTemplate":"https:\/\/staging.varesenews.it\/?s={search_term_string}"},"query-input":"required name=search_term_string"}],"inLanguage":"it-IT"},{"@type":"Person","@id":"https:\/\/staging.varesenews.it\/#\/schema\/person\/5ae9c65889c40fea73a6c40733b93f8a","name":"Tommaso Guidotti","image":{"@type":"ImageObject","inLanguage":"it-IT","@id":"https:\/\/staging.varesenews.it\/#\/schema\/person\/image\/","url":"https:\/\/staging.varesenews.it\/wp-content\/uploads\/2020\/12\/tommaso_guidotti_colori_500.jpg","contentUrl":"https:\/\/staging.varesenews.it\/wp-content\/uploads\/2020\/12\/tommaso_guidotti_colori_500.jpg","caption":"Tommaso Guidotti"},"description":"Nato a Milano e trasferito nel Varesotto in tenera et&agrave;, sposato con Chiara dal 2012 e padre di due figli, Lorenzo e Alice. Sono laureato in Scienze Politiche e ho nel mio bagaglio lontani studi classici al Liceo Cairoli di Varese. Amo leggere, le serie tv, i viaggi e mi piace sperimentare e conoscere. La passione pi&ugrave; grande? Il calcio, giocato, simulato e guardato: occupo parte del mio tempo libero con quella che &egrave; pi&ugrave; di una squadra di calcio, i Bidone, una vera e propria seconda famiglia con cui ho portato avanti tanti progetti sportivi e benefici. Faccio parte dal 2004 della squadra di VareseNews e sono giornalista professionista dal 2009: per dieci anni ho ricoperto il ruolo di caporedattore. Dal 2019 coordino insieme ad una redazione di giovani collaboratori il nuovo progetto del gruppo nella zona del Saronnese, il giornale SaronnoNews, spin-off di VareseNews, restando comunque radicato al territorio di Casciago, paese che mi ha adottato e che amo moltissimo come il lago di Varese e Cazzago Brabbia, il paese dove ho vissuto da giovane.","sameAs":["https:\/\/www.facebook.com\/tommaso.guidotti.7","tomguidoz80","https:\/\/www.linkedin.com\/profile\/view?id=36891883&authType=name&authToken=9pNm&locale=en_US&goback=npv_36891883_*1_*1_name_9pNm_*1_*1_*1_*1_*1_*1_*1_*1_*1_*1_*1_*1_*1_*1_*1_*1_*1_*1_*1_*1_*1_*1_*1_*1_*1_*1_*1_*1_*1_*1_*1_*1_*1","https:\/\/twitter.com\/tomguidoz"],"url":"https:\/\/staging.varesenews.it\/persona\/tommaso_guidotti\/"}]}},"post_meta":{"_encloseme":"1","ratings_users":"0","ratings_score":"0","ratings_average":"0","_wpt_short_url":"http:\/\/www.varesenews.it\/2020\/09\/andrea-monti-lega-polemiche-su-ospedale-di-saronno-balle-della-sinistra\/966070\/","_wp_jd_target":"http:\/\/www.varesenews.it\/2020\/09\/andrea-monti-lega-polemiche-su-ospedale-di-saronno-balle-della-sinistra\/966070\/","_jd_wp_twitter":"a:1:{i:0;s:195:\"Andrea Monti (Lega): \u201cPolemiche su Ospedale di Saronno? Balle della sinistra\u201d http:\/\/www.varesenews.it\/2020\/09\/andrea-monti-lega-polemiche-su-ospedale-di-saronno-balle-della-sinistra\/966070\/ \";}","_wpt_status_message":"Tweet inviato con successo.","foto":"1178271","firma_come_redazione":"1","argomento":"Saronno","edinet_newssharer_oguid":"https:\/\/www.saronnonews.it\/?p=901754","edinet_newssharer_canonical":"https:\/\/www.saronnonews.it\/2020\/09\/30\/andrea-monti-lega-polemiche-su-ospedale-di-saronno-balle-della-sinistra\/"},"photos":[{"original":"https:\/\/staging.varesenews.it\/photogallery_new\/images\/2020\/09\/generico-2018-1178271.jpg","full":"https:\/\/staging.varesenews.it\/photogallery_new\/images\/2020\/09\/generico-2018-1178271.1024x768.jpg","large":"https:\/\/staging.varesenews.it\/photogallery_new\/images\/2020\/09\/generico-2018-1178271.610x431.jpg"}],"_links":{"self":[{"href":"https:\/\/staging.varesenews.it\/swgapi\/v1\/wp\/v2\/posts\/966070"}],"collection":[{"href":"https:\/\/staging.varesenews.it\/swgapi\/v1\/wp\/v2\/posts"}],"about":[{"href":"https:\/\/staging.varesenews.it\/swgapi\/v1\/wp\/v2\/types\/post"}],"author":[{"embeddable":true,"href":"https:\/\/staging.varesenews.it\/swgapi\/v1\/wp\/v2\/users\/39"}],"replies":[{"embeddable":true,"href":"https:\/\/staging.varesenews.it\/swgapi\/v1\/wp\/v2\/comments?post=966070"}],"version-history":[{"count":0,"href":"https:\/\/staging.varesenews.it\/swgapi\/v1\/wp\/v2\/posts\/966070\/revisions"}],"wp:attachment":[{"href":"https:\/\/staging.varesenews.it\/swgapi\/v1\/wp\/v2\/media?parent=966070"}],"wp:term":[{"taxonomy":"category","embeddable":true,"href":"https:\/\/staging.varesenews.it\/swgapi\/v1\/wp\/v2\/categories?post=966070"},{"taxonomy":"post_tag","embeddable":true,"href":"https:\/\/staging.varesenews.it\/swgapi\/v1\/wp\/v2\/tags?post=966070"}],"curies":[{"name":"wp","href":"https:\/\/api.w.org\/{rel}","templated":true}]}}