{"id":967868,"date":"2020-10-06T18:38:23","date_gmt":"2020-10-06T16:38:23","guid":{"rendered":"https:\/\/www.varesenews.it\/?p=967868"},"modified":"2020-10-07T15:31:36","modified_gmt":"2020-10-07T13:31:36","slug":"vararo-casere-lo-scirocco-cento-allora-fermato-tempo","status":"publish","type":"post","link":"https:\/\/staging.varesenews.it\/2020\/10\/vararo-casere-lo-scirocco-cento-allora-fermato-tempo\/967868\/","title":{"rendered":"In volo sui boschi del Lago Maggiore rasi al suolo dalla tempesta"},"content":{"rendered":"<p>Il primo pensiero, quando qualcosa non va, \u00e8 sempre rivolto ai figli. E per questo <strong>Simone <\/strong><em>(foto sotto)<\/em><strong>, 45 anni ha deciso di portare a valle il suo bimbo di 6 per consentirgli di andare a scuola<\/strong> evitandogli di fare alla fine quasi un\u2019ora di macchina per arrivare in classe partendo da Casere, frazione di Laveno Mombello a mille metri con strade ancora interrotte, e quelle aperte percorribili con estrema difficolt\u00e0.<\/p>\n<div class=\"photo-inside-post\"><img decoding=\"async\" loading=\"lazy\" fetchpriority=\"low\" width=\"610\" height=\"431\" src=\"https:\/\/staging.varesenews.it\/photogallery_new\/images\/2020\/10\/cittiglio-laveno-mombello-vararo-casere-1179584.610x431.jpg\" alt=\"cittiglio, laveno mombello, vararo, casere\"><\/div>\n<p>Dietro la casa di Simone \u00e8 gi\u00e0 Vararo (frazione di Cittiglio) e <strong>anche Renato che di anni ne ha 59 e fa il casaro ha scelto di mandare gi\u00f9 i tre figli in et\u00e0 scolare<\/strong> \u00abperch\u00e9 non possono perdersi nemmeno un\u2019ora di lezione dopo l\u2019anno orribile del covid che speriamo tutti finisca in fretta\u00bb.<\/p>\n<p>Perch\u00e9 qui oltre alla pandemia, in una conca meravigliosa e divisa fra i due paesi, venerd\u00ec notte \u00e8 successo qualcosa che i residenti si ricorderanno a vita.<\/p>\n<p><strong>\u00abEro davanti alla tv e ho visto una scintilla partire dalla spina<\/strong>. Poi tutto buio: non era un lampo perch\u00e9 non c\u2019era il temporale. Fuori tre grossi alberi avevano tranciato i fili della luce. Erano le dieci e mezza di sera e pensavo che fosse finita l\u00ec: ho chiamato il 112 per avvisare e sono tornato in casa. Ma quello che ho visto verso le 2 non lo dimenticher\u00f2 mai: un vento che ha distrutto migliaia e migliaia di alberi. <strong>E poi quella luce chiara, gialla nella notte. Sembrava l&#8217;apocalisse\u00bb<\/strong>.<\/p>\n<div class=\"photo-inside-post\"><img decoding=\"async\" loading=\"lazy\" fetchpriority=\"low\" width=\"610\" height=\"431\" src=\"https:\/\/staging.varesenews.it\/photogallery_new\/images\/2020\/10\/cittiglio-laveno-mombello-vararo-casere-1179583.610x431.jpg\" alt=\"cittiglio, laveno mombello, vararo, casere\"><\/div>\n<p>Le parole sono di <strong>Alessandro Papini,<\/strong> 43 anni (foto qui sopra), che assieme alla sorella manda avanti la Gigliola, ex casa di campagna degli industriali delle ceramiche, i Revelli e vicini a \u201cvilla Ferrero\u201c &#8211; imparentati con l\u2019omonima dinastia della crema di cacao alla nocciola &#8211; che regala un affaccio su Intra con le Isole, la schiuma dei traghetti che partono, Baveno e il bianco della sua montagna. Ma appena pi\u00f9 gi\u00f9, non distante dalla mulattiera diretta al lago ecco aprirsi la devastazione con alberi distrutti, spezzati dal vento che il Centro geofisico prealpino ha stimato in 108 chilometri orari (rilevazione stazione di Poggio Sant\u2019Elsa): era quello scirocco che da sud est ha cominciato a soffiare sventrato interi boschi.<\/p>\n<p>\u00ab<strong>Spero che il Comune ora ci venga incontro\u00a0con i tributi<\/strong>. \u00c8 gi\u00e0 un anno nero con 3 mesi di lockdown, non possono chiedere le stesse tasse (gi\u00e0 alte) di quando tutto era normale\u00bb<\/p>\n<p>Il racconto di Alessandro arriva quando il cancello della sua propriet\u00e0 viene liberato da un palo della luce venuto gi\u00f9 e che nella corsa si \u00e8 portato dietro un enorme faggio e diverse betulle: col \u201cragno\u201c, e di motosega, stanno lavorando Nicholas e il collega, boscaioli di un\u2019azienda agricola di Besozzo qui per rimettere tutto a posto: <strong>\u00abNon so quanto ci vorr\u00e0 a far tornare tutto come prima\u00bb<\/strong>, dice Nicholas prima di tirare l\u2019ultima boccata della sigaretta, indossare il casco e far ripartire la catena. <strong>Ci vorranno mesi e mesi di lavoro. E decenni per rivedere il bosco com\u2019era<\/strong>. Faggete intere distrutte, con radici divelte e tronchi spezzati in due.<\/p>\n<p>Il sindaco di Laveno Mombello <strong>Luca Santagostino<\/strong> ha chiesto ala Regione 100 mila euro per lavori di somma urgenza che suonano come una goccia nel mare in questo panorama sfigurato, ma almeno sono gi\u00e0 qualcosa per rifondere le spese saldate dalle casse comunali per la rimozione degli alberi, per aprire le vie. <strong>Ora tutte le case hanno la luce ed \u00e8 tornata l\u2019acqua, ma le attivit\u00e0 economiche del posto incrociano le dita<\/strong> affinch\u00e9 la strada per Cittiglio &#8211; la pi\u00f9 comoda e veloce &#8211; venga ripristinata.<\/p>\n<p><strong>Altrimenti per scendere a valle c\u2019\u00e8 la meravigliosa ma scomodissima sp7<\/strong> che da Castelveccana porta al Cuvignone dove se si incontra un\u2019auto in uno dei tornanti del passo \u00e8 necessario il metro, e un pizzico di sangue freddo per capire se le macchine si sfrisano o si sfiorano. Oppure si pu\u00f2 &#8211; sempre via provinciale &#8211; scendere in Valcuvia attraversando il borgo dipinto di Arcumeggia, ma i cartelli indicano delle fasce orarie in cui la strada \u00e8 interrotta: anche qui lavori.<\/p>\n<div class=\"photo-inside-post\"><img decoding=\"async\" loading=\"lazy\" fetchpriority=\"low\" width=\"610\" height=\"431\" src=\"https:\/\/staging.varesenews.it\/photogallery_new\/images\/2020\/10\/cittiglio-laveno-mombello-vararo-casere-1179587.610x431.jpg\" alt=\"cittiglio, laveno mombello, vararo, casere\"><\/div>\n<p><strong>\u00abAlla fine non ho paura pi\u00f9 di tanto. Perch\u00e9 se ci pensiamo bene, fare il formaggio \u00e8 un\u2019attivit\u00e0 millenaria<\/strong>. Ed \u00e8 ancora possibile farlo seguendo regole di un tempo: <strong>si munge al lume di candela<\/strong> se manca la luce e il latte lo puoi conservare raffreddandolo nell\u2019acqua del fiume\u00bb.<\/p>\n<p>Per tre giorni <strong>Renato Tomasini<\/strong> di \u201cCapra e Cavoli\u201c ha fatto cos\u00ec, all&#8217;antica, per resistere ai disagi del maltempo: ieri, luned\u00ec, sono venuti a liberargli la strada.<\/p>\n<p>Ora c\u2019\u00e8 tanto lavoro, come sempre, per soddisfare i clienti che comprano formaggi e i <strong>turisti<\/strong> che arrivano per passare qualche giorno in totale immersione con la natura, soprattutto <strong>dall\u2019Olanda<\/strong>: \u00abDomenica dovrebbero arrivarne altri, spero che riaprano la strada. Le istituzioni, i sindaci e la protezione civile ci sono stati molto, molto vicini. Dispiace per quello che \u00e8 successo alla faggeta, una delle pi\u00f9 belle di tutta la zona che dava riparo a molti animali, ora andata completamente distrutta\u00bb.<\/p>\n<p>Sembra che il vento abbia lasciato queste due frazioni in un tempo sospeso.<\/p>\n<p><strong>Per raggiungere Laveno Mombello qualcuno ha ricominciato a ripercorrere la mulattiera che porta in paese<\/strong>, e per risalire si sfrutta la gratuit\u00e0 (per i residenti) della funivia: una volta in vetta ci vogliono 20 minuti di sentiero per arrivare a Casere, si sbuca proprio dietro il muraglione della Gigliola.<\/p>\n<p><strong>Ripartire da questi luoghi \u00e8 difficile senza provare un senso di angoscia<\/strong> per quello che \u00e8 successo e per quanto ancora potr\u00e0 accadere a causa dei cambiamenti climatici in atto.<\/p>\n<p>Lo dicono le parole delle persone, un centinaio, che hanno scelto di abitare qui, fidandosi della montagna. Lo dicono gli scorci che si incontrano scendendo sopra al rifugio del Cuvignone, altre distese di alberi spianati dal vento e che non si rialzeranno mai pi\u00f9.<\/p>\n","protected":false},"excerpt":{"rendered":"<p>Bambini trasferiti a valle per non far perdere loro la scuola. Giorni senza luce e acqua corrente: viaggio nelle frazioni colpite di Vararo e Casere a Cittiglio. \u201cA piedi in mulattiera. E abbiamo munto al lume di candela\u201c<\/p>\n","protected":false},"author":34,"featured_media":0,"comment_status":"open","ping_status":"open","sticky":false,"template":"","format":"standard","meta":{"footnotes":""},"categories":[2],"tags":[105125,3976],"acf":[],"yoast_head":"<!-- This site is optimized with the Yoast SEO plugin v20.1 - https:\/\/yoast.com\/wordpress\/plugins\/seo\/ -->\n<title>In volo sui boschi del Lago Maggiore rasi al suolo dalla tempesta<\/title>\n<meta name=\"description\" content=\"Bambini trasferiti a valle per non far perdere loro la scuola. Giorni senza luce e acqua corrente: viaggio nelle frazioni colpite di Vararo e Casere a Cittiglio. \u201cA piedi in mulattiera. E abbiamo munto al lume di candela\u201c\" \/>\n<meta name=\"robots\" content=\"noindex, follow, max-snippet:-1, max-image-preview:large, max-video-preview:-1\" \/>\n<meta property=\"og:locale\" content=\"it_IT\" \/>\n<meta property=\"og:type\" content=\"article\" \/>\n<meta property=\"og:title\" content=\"In volo sui boschi del Lago Maggiore rasi al suolo dalla tempesta\" \/>\n<meta property=\"og:description\" content=\"Bambini trasferiti a valle per non far perdere loro la scuola. Giorni senza luce e acqua corrente: viaggio nelle frazioni colpite di Vararo e Casere a Cittiglio. \u201cA piedi in mulattiera. E abbiamo munto al lume di candela\u201c\" \/>\n<meta property=\"og:url\" content=\"https:\/\/www.varesenews.it\/2020\/10\/vararo-casere-lo-scirocco-cento-allora-fermato-tempo\/967868\/\" \/>\n<meta property=\"og:site_name\" content=\"VareseNews\" \/>\n<meta property=\"article:publisher\" content=\"https:\/\/www.facebook.com\/varesenews\" \/>\n<meta property=\"article:author\" content=\"https:\/\/www.facebook.com\/andrea.camurani?fref=photo\" \/>\n<meta property=\"article:published_time\" content=\"2020-10-06T16:38:23+00:00\" \/>\n<meta property=\"article:modified_time\" content=\"2020-10-07T13:31:36+00:00\" \/>\n<meta name=\"author\" content=\"Andrea Camurani\" \/>\n<meta name=\"twitter:card\" content=\"summary_large_image\" \/>\n<meta name=\"twitter:creator\" content=\"@AndreaCamurani\" \/>\n<meta name=\"twitter:site\" content=\"@varesenews\" \/>\n<meta name=\"twitter:label1\" content=\"Scritto da\" \/>\n\t<meta name=\"twitter:data1\" content=\"Andrea Camurani\" \/>\n\t<meta name=\"twitter:label2\" content=\"Tempo di lettura stimato\" \/>\n\t<meta name=\"twitter:data2\" content=\"5 minuti\" \/>\n<script type=\"application\/ld+json\" class=\"yoast-schema-graph\">{\"@context\":\"https:\/\/schema.org\",\"@graph\":[{\"@type\":\"WebPage\",\"@id\":\"https:\/\/www.varesenews.it\/2020\/10\/vararo-casere-lo-scirocco-cento-allora-fermato-tempo\/967868\/\",\"url\":\"https:\/\/www.varesenews.it\/2020\/10\/vararo-casere-lo-scirocco-cento-allora-fermato-tempo\/967868\/\",\"name\":\"In volo sui boschi del Lago Maggiore rasi al suolo dalla tempesta\",\"isPartOf\":{\"@id\":\"https:\/\/staging.varesenews.it\/#website\"},\"datePublished\":\"2020-10-06T16:38:23+00:00\",\"dateModified\":\"2020-10-07T13:31:36+00:00\",\"author\":{\"@id\":\"https:\/\/staging.varesenews.it\/#\/schema\/person\/3eb5832c6beae763de8d9596fdbe8c49\"},\"description\":\"Bambini trasferiti a valle per non far perdere loro la scuola. Giorni senza luce e acqua corrente: viaggio nelle frazioni colpite di Vararo e Casere a Cittiglio. \u201cA piedi in mulattiera. E abbiamo munto al lume di candela\u201c\",\"breadcrumb\":{\"@id\":\"https:\/\/www.varesenews.it\/2020\/10\/vararo-casere-lo-scirocco-cento-allora-fermato-tempo\/967868\/#breadcrumb\"},\"inLanguage\":\"it-IT\",\"potentialAction\":[{\"@type\":\"ReadAction\",\"target\":[\"https:\/\/www.varesenews.it\/2020\/10\/vararo-casere-lo-scirocco-cento-allora-fermato-tempo\/967868\/\"]}]},{\"@type\":\"BreadcrumbList\",\"@id\":\"https:\/\/www.varesenews.it\/2020\/10\/vararo-casere-lo-scirocco-cento-allora-fermato-tempo\/967868\/#breadcrumb\",\"itemListElement\":[{\"@type\":\"ListItem\",\"position\":1,\"name\":\"Home\",\"item\":\"https:\/\/www.varesenews.it\/\"},{\"@type\":\"ListItem\",\"position\":2,\"name\":\"In volo sui boschi del Lago Maggiore rasi al suolo dalla tempesta\"}]},{\"@type\":\"WebSite\",\"@id\":\"https:\/\/staging.varesenews.it\/#website\",\"url\":\"https:\/\/staging.varesenews.it\/\",\"name\":\"VareseNews\",\"description\":\"\",\"potentialAction\":[{\"@type\":\"SearchAction\",\"target\":{\"@type\":\"EntryPoint\",\"urlTemplate\":\"https:\/\/staging.varesenews.it\/?s={search_term_string}\"},\"query-input\":\"required name=search_term_string\"}],\"inLanguage\":\"it-IT\"},{\"@type\":\"Person\",\"@id\":\"https:\/\/staging.varesenews.it\/#\/schema\/person\/3eb5832c6beae763de8d9596fdbe8c49\",\"name\":\"Andrea Camurani\",\"image\":{\"@type\":\"ImageObject\",\"inLanguage\":\"it-IT\",\"@id\":\"https:\/\/staging.varesenews.it\/#\/schema\/person\/image\/\",\"url\":\"https:\/\/staging.varesenews.it\/wp-content\/uploads\/2020\/12\/andrea_camurani_colori_500.jpg\",\"contentUrl\":\"https:\/\/staging.varesenews.it\/wp-content\/uploads\/2020\/12\/andrea_camurani_colori_500.jpg\",\"caption\":\"Andrea Camurani\"},\"description\":\"Sono figlio degli anni Settanta e di Milano, dove ho imparato a riconoscere buoni e cattivi. Laurea in scienze politiche, lavoro a VareseNews dal 2000. Racconto quel che trovo quando incontro chi vuole lasciare al mondo un pezzetto di vita, che si chiama cronaca. &ldquo;...perch&eacute; &egrave; la gente il pi&ugrave; grande spettacolo del mondo. E non si paga il biglietto...&rdquo; (Charles Bukowsky)\",\"sameAs\":[\"https:\/\/www.facebook.com\/andrea.camurani?fref=photo\",\"andreacamurani\",\"https:\/\/www.linkedin.com\/hp\/?dnr=A9a84RfzsLdo9xg4NcGV4dLiMknoc9ms4WM\",\"https:\/\/twitter.com\/AndreaCamurani\"],\"url\":\"https:\/\/staging.varesenews.it\/persona\/andrea_camurani\/\"}]}<\/script>\n<!-- \/ Yoast SEO plugin. -->","yoast_head_json":{"title":"In volo sui boschi del Lago Maggiore rasi al suolo dalla tempesta","description":"Bambini trasferiti a valle per non far perdere loro la scuola. Giorni senza luce e acqua corrente: viaggio nelle frazioni colpite di Vararo e Casere a Cittiglio. \u201cA piedi in mulattiera. E abbiamo munto al lume di candela\u201c","robots":{"index":"noindex","follow":"follow","max-snippet":"max-snippet:-1","max-image-preview":"max-image-preview:large","max-video-preview":"max-video-preview:-1"},"og_locale":"it_IT","og_type":"article","og_title":"In volo sui boschi del Lago Maggiore rasi al suolo dalla tempesta","og_description":"Bambini trasferiti a valle per non far perdere loro la scuola. Giorni senza luce e acqua corrente: viaggio nelle frazioni colpite di Vararo e Casere a Cittiglio. \u201cA piedi in mulattiera. E abbiamo munto al lume di candela\u201c","og_url":"https:\/\/www.varesenews.it\/2020\/10\/vararo-casere-lo-scirocco-cento-allora-fermato-tempo\/967868\/","og_site_name":"VareseNews","article_publisher":"https:\/\/www.facebook.com\/varesenews","article_author":"https:\/\/www.facebook.com\/andrea.camurani?fref=photo","article_published_time":"2020-10-06T16:38:23+00:00","article_modified_time":"2020-10-07T13:31:36+00:00","author":"Andrea Camurani","twitter_card":"summary_large_image","twitter_creator":"@AndreaCamurani","twitter_site":"@varesenews","twitter_misc":{"Scritto da":"Andrea Camurani","Tempo di lettura stimato":"5 minuti"},"schema":{"@context":"https:\/\/schema.org","@graph":[{"@type":"WebPage","@id":"https:\/\/www.varesenews.it\/2020\/10\/vararo-casere-lo-scirocco-cento-allora-fermato-tempo\/967868\/","url":"https:\/\/www.varesenews.it\/2020\/10\/vararo-casere-lo-scirocco-cento-allora-fermato-tempo\/967868\/","name":"In volo sui boschi del Lago Maggiore rasi al suolo dalla tempesta","isPartOf":{"@id":"https:\/\/staging.varesenews.it\/#website"},"datePublished":"2020-10-06T16:38:23+00:00","dateModified":"2020-10-07T13:31:36+00:00","author":{"@id":"https:\/\/staging.varesenews.it\/#\/schema\/person\/3eb5832c6beae763de8d9596fdbe8c49"},"description":"Bambini trasferiti a valle per non far perdere loro la scuola. Giorni senza luce e acqua corrente: viaggio nelle frazioni colpite di Vararo e Casere a Cittiglio. \u201cA piedi in mulattiera. E abbiamo munto al lume di candela\u201c","breadcrumb":{"@id":"https:\/\/www.varesenews.it\/2020\/10\/vararo-casere-lo-scirocco-cento-allora-fermato-tempo\/967868\/#breadcrumb"},"inLanguage":"it-IT","potentialAction":[{"@type":"ReadAction","target":["https:\/\/www.varesenews.it\/2020\/10\/vararo-casere-lo-scirocco-cento-allora-fermato-tempo\/967868\/"]}]},{"@type":"BreadcrumbList","@id":"https:\/\/www.varesenews.it\/2020\/10\/vararo-casere-lo-scirocco-cento-allora-fermato-tempo\/967868\/#breadcrumb","itemListElement":[{"@type":"ListItem","position":1,"name":"Home","item":"https:\/\/www.varesenews.it\/"},{"@type":"ListItem","position":2,"name":"In volo sui boschi del Lago Maggiore rasi al suolo dalla tempesta"}]},{"@type":"WebSite","@id":"https:\/\/staging.varesenews.it\/#website","url":"https:\/\/staging.varesenews.it\/","name":"VareseNews","description":"","potentialAction":[{"@type":"SearchAction","target":{"@type":"EntryPoint","urlTemplate":"https:\/\/staging.varesenews.it\/?s={search_term_string}"},"query-input":"required name=search_term_string"}],"inLanguage":"it-IT"},{"@type":"Person","@id":"https:\/\/staging.varesenews.it\/#\/schema\/person\/3eb5832c6beae763de8d9596fdbe8c49","name":"Andrea Camurani","image":{"@type":"ImageObject","inLanguage":"it-IT","@id":"https:\/\/staging.varesenews.it\/#\/schema\/person\/image\/","url":"https:\/\/staging.varesenews.it\/wp-content\/uploads\/2020\/12\/andrea_camurani_colori_500.jpg","contentUrl":"https:\/\/staging.varesenews.it\/wp-content\/uploads\/2020\/12\/andrea_camurani_colori_500.jpg","caption":"Andrea Camurani"},"description":"Sono figlio degli anni Settanta e di Milano, dove ho imparato a riconoscere buoni e cattivi. Laurea in scienze politiche, lavoro a VareseNews dal 2000. Racconto quel che trovo quando incontro chi vuole lasciare al mondo un pezzetto di vita, che si chiama cronaca. &ldquo;...perch&eacute; &egrave; la gente il pi&ugrave; grande spettacolo del mondo. E non si paga il biglietto...&rdquo; (Charles Bukowsky)","sameAs":["https:\/\/www.facebook.com\/andrea.camurani?fref=photo","andreacamurani","https:\/\/www.linkedin.com\/hp\/?dnr=A9a84RfzsLdo9xg4NcGV4dLiMknoc9ms4WM","https:\/\/twitter.com\/AndreaCamurani"],"url":"https:\/\/staging.varesenews.it\/persona\/andrea_camurani\/"}]}},"post_meta":{"_edit_lock":"1602081672:34","_edit_last":"34","_category_permalink":"a:1:{s:8:\"category\";s:0:\"\";}","foto":"1179717","argomento":"Il reportage","_yoast_wpseo_content_score":"30","_jd_tweet_this":"yes","id_leggi_anche":"967130,968031,968267,975502,975531,1284895,1349505","video":"967964","youtube_id":"iS5665SL1Zc","id_link_fotogallery":"967967","_encloseme":"1","ratings_users":"0","ratings_score":"0","ratings_average":"0","_wpt_short_url":"https:\/\/www.varesenews.it\/2020\/10\/vararo-casere-lo-scirocco-cento-allora-fermato-tempo\/967868\/","_wp_jd_target":"https:\/\/www.varesenews.it\/2020\/10\/vararo-casere-lo-scirocco-cento-allora-fermato-tempo\/967868\/","_jd_wp_twitter":"a:1:{i:0;s:181:\"Vararo e Casere, lo scirocco a cento all\u2019ora che ha fermato il tempo https:\/\/www.varesenews.it\/2020\/10\/vararo-casere-lo-scirocco-cento-allora-fermato-tempo\/967868\/ #Casere #vararo\";}","_wpt_status_message":"Tweet inviato con successo."},"photos":[{"original":"https:\/\/staging.varesenews.it\/photogallery_new\/images\/2020\/10\/vararo-casere-6-ottobre-2020-1179717.jpg","full":"https:\/\/staging.varesenews.it\/photogallery_new\/images\/2020\/10\/vararo-casere-6-ottobre-2020-1179717.1024x768.jpg","large":"https:\/\/staging.varesenews.it\/photogallery_new\/images\/2020\/10\/vararo-casere-6-ottobre-2020-1179717.610x431.jpg"}],"_links":{"self":[{"href":"https:\/\/staging.varesenews.it\/swgapi\/v1\/wp\/v2\/posts\/967868"}],"collection":[{"href":"https:\/\/staging.varesenews.it\/swgapi\/v1\/wp\/v2\/posts"}],"about":[{"href":"https:\/\/staging.varesenews.it\/swgapi\/v1\/wp\/v2\/types\/post"}],"author":[{"embeddable":true,"href":"https:\/\/staging.varesenews.it\/swgapi\/v1\/wp\/v2\/users\/34"}],"replies":[{"embeddable":true,"href":"https:\/\/staging.varesenews.it\/swgapi\/v1\/wp\/v2\/comments?post=967868"}],"version-history":[{"count":0,"href":"https:\/\/staging.varesenews.it\/swgapi\/v1\/wp\/v2\/posts\/967868\/revisions"}],"wp:attachment":[{"href":"https:\/\/staging.varesenews.it\/swgapi\/v1\/wp\/v2\/media?parent=967868"}],"wp:term":[{"taxonomy":"category","embeddable":true,"href":"https:\/\/staging.varesenews.it\/swgapi\/v1\/wp\/v2\/categories?post=967868"},{"taxonomy":"post_tag","embeddable":true,"href":"https:\/\/staging.varesenews.it\/swgapi\/v1\/wp\/v2\/tags?post=967868"}],"curies":[{"name":"wp","href":"https:\/\/api.w.org\/{rel}","templated":true}]}}