{"id":96877,"date":"2012-02-13T00:00:00","date_gmt":"2012-02-13T00:00:00","guid":{"rendered":""},"modified":"2012-02-13T00:00:00","modified_gmt":"2012-02-13T00:00:00","slug":"finisce-il-grande-gelo-da-mercoledi-temperature-in-rialzo","status":"publish","type":"post","link":"https:\/\/staging.varesenews.it\/2012\/02\/finisce-il-grande-gelo-da-mercoledi-temperature-in-rialzo\/96877\/","title":{"rendered":"Finisce il grande gelo, da mercoled\u00ec temperature in rialzo"},"content":{"rendered":"<p><img loading=\"lazy\" decoding=\"async\" width=\"250\" height=\"250\" vspace=\"5\" hspace=\"5\" border=\"1\" align=\"left\" alt=\"\" src=\"https:\/\/www3.varesenews.it\/immagini_articoli\/201202\/ghiaccio_4615.jpg\" \/><strong>I primi dieci giorni di febbraio si chiudono con temperature 8&deg; sotto la media.&nbsp;<\/strong>Lentamente il periodo pi&ugrave; freddo dell&#8217;inverno si sta chiudendo ed entro questa settimana le temperature dovrebbero tornare a riposizionarsi nella media del periodo. La gelida circolazione depressionaria giunta dalla Russia nei giorni scorsi sull&#8217;Italia centrale si indebolisce spostandosi verso i Balcani e si attenuano le correnti fredde da nord est. Da mercoled&igrave; saranno i venti settentrionali a valicare le Alpi conducendo aria meno fredda dal Nord Atlantico.<br \/>\n<strong>Oggi, luned&igrave;,<\/strong> gelo al mattino, ben soleggiato con via via velature di nubi alte e passaggi nuvolosi pi&ugrave; estesi verso sera su Alpi e Prealpi. Banchi di nebbia nella notte sulla bassa padana. Temperature massime in rialzo poco sopra zero gradi.&nbsp;<br \/>\n<strong><br \/>\nMarted&igrave; il tempo non varier&agrave;<\/strong>. Abbastanza soleggiato con passaggi nuvolosi al mattino. Nebbie notturne sulla bassa padana in graduale dissoluzione. Nel tardo pomeriggio schiarite azzurre e in serata inizio di debole favonio sulle Prealpi. Prosegue il<strong> lento rialzo delle temperature con minime comprese tra -8 e -3 e massime comprese tra 1 e 4 gradi.<\/strong><\/p>\n<p><strong>Mercoled&igrave; sar&agrave; ancora ben soleggiato <\/strong>con venti da nord sulle Prealpi che nel pomeriggio raggiungeranno la pianura. Cumuli di nubi alle Alpi di confine. <strong>Da gioved&igrave; netto rialzo delle temperature<\/strong> durante il giorno&nbsp;fino verso i 10 gradi.&nbsp;Venerd&igrave; 17 febbraio, infine, soleggiato e temperature nelle medie stagionali.<br \/>\nLe previsioni sono a cura del Centro Geofisico Prealpino di Campo dei Fiori.<\/p>\n","protected":false},"excerpt":{"rendered":"<p>Il ritorno delle temperature nella media non sar\u00e0 immediato e bisogner\u00e0 battere i denti ancora 48 ore. Da mercoled\u00ec rialzo pi\u00f9 decisivo grazie al favonio da nord. Gioved\u00ec si toccheranno i 10 gradi di giorno<\/p>\n","protected":false},"author":10,"featured_media":0,"comment_status":"open","ping_status":"open","sticky":false,"template":"","format":"standard","meta":{"footnotes":""},"categories":[2],"tags":[163,8674,11138,162],"acf":[],"yoast_head":"<!-- This site is optimized with the Yoast SEO plugin v20.1 - https:\/\/yoast.com\/wordpress\/plugins\/seo\/ -->\n<title>Finisce il grande gelo, da mercoled\u00ec temperature in rialzo<\/title>\n<meta name=\"description\" content=\"Il ritorno delle temperature nella media non sar\u00e0 immediato e bisogner\u00e0 battere i denti ancora 48 ore. Da mercoled\u00ec rialzo pi\u00f9 decisivo grazie al favonio da nord. Gioved\u00ec si toccheranno i 10 gradi di giorno\" \/>\n<meta name=\"robots\" content=\"noindex, follow, max-snippet:-1, max-image-preview:large, max-video-preview:-1\" \/>\n<meta property=\"og:locale\" content=\"it_IT\" \/>\n<meta property=\"og:type\" content=\"article\" \/>\n<meta property=\"og:title\" content=\"Finisce il grande gelo, da mercoled\u00ec temperature in rialzo\" \/>\n<meta property=\"og:description\" content=\"Il ritorno delle temperature nella media non sar\u00e0 immediato e bisogner\u00e0 battere i denti ancora 48 ore. Da mercoled\u00ec rialzo pi\u00f9 decisivo grazie al favonio da nord. Gioved\u00ec si toccheranno i 10 gradi di giorno\" \/>\n<meta property=\"og:url\" content=\"https:\/\/www.varesenews.it\/2012\/02\/finisce-il-grande-gelo-da-mercoledi-temperature-in-rialzo\/96877\/\" \/>\n<meta property=\"og:site_name\" content=\"VareseNews\" \/>\n<meta property=\"article:publisher\" content=\"https:\/\/www.facebook.com\/varesenews\" \/>\n<meta property=\"article:published_time\" content=\"2012-02-13T00:00:00+00:00\" \/>\n<meta property=\"og:image\" content=\"https:\/\/www3.varesenews.it\/immagini_articoli\/201202\/ghiaccio_4615.jpg\" \/>\n<meta name=\"author\" content=\"Redazione VareseNews\" \/>\n<meta name=\"twitter:card\" content=\"summary_large_image\" \/>\n<meta name=\"twitter:creator\" content=\"@varesenews\" \/>\n<meta name=\"twitter:site\" content=\"@varesenews\" \/>\n<meta name=\"twitter:label1\" content=\"Scritto da\" \/>\n\t<meta name=\"twitter:data1\" content=\"Redazione VareseNews\" \/>\n\t<meta name=\"twitter:label2\" content=\"Tempo di lettura stimato\" \/>\n\t<meta name=\"twitter:data2\" content=\"1 minuto\" \/>\n<script type=\"application\/ld+json\" class=\"yoast-schema-graph\">{\"@context\":\"https:\/\/schema.org\",\"@graph\":[{\"@type\":\"WebPage\",\"@id\":\"https:\/\/www.varesenews.it\/2012\/02\/finisce-il-grande-gelo-da-mercoledi-temperature-in-rialzo\/96877\/\",\"url\":\"https:\/\/www.varesenews.it\/2012\/02\/finisce-il-grande-gelo-da-mercoledi-temperature-in-rialzo\/96877\/\",\"name\":\"Finisce il grande gelo, da mercoled\u00ec temperature in rialzo\",\"isPartOf\":{\"@id\":\"https:\/\/staging.varesenews.it\/#website\"},\"datePublished\":\"2012-02-13T00:00:00+00:00\",\"dateModified\":\"2012-02-13T00:00:00+00:00\",\"author\":{\"@id\":\"https:\/\/staging.varesenews.it\/#\/schema\/person\/fb20c4da0b7b16c291707a20db73e169\"},\"description\":\"Il ritorno delle temperature nella media non sar\u00e0 immediato e bisogner\u00e0 battere i denti ancora 48 ore. Da mercoled\u00ec rialzo pi\u00f9 decisivo grazie al favonio da nord. Gioved\u00ec si toccheranno i 10 gradi di giorno\",\"breadcrumb\":{\"@id\":\"https:\/\/www.varesenews.it\/2012\/02\/finisce-il-grande-gelo-da-mercoledi-temperature-in-rialzo\/96877\/#breadcrumb\"},\"inLanguage\":\"it-IT\",\"potentialAction\":[{\"@type\":\"ReadAction\",\"target\":[\"https:\/\/www.varesenews.it\/2012\/02\/finisce-il-grande-gelo-da-mercoledi-temperature-in-rialzo\/96877\/\"]}]},{\"@type\":\"BreadcrumbList\",\"@id\":\"https:\/\/www.varesenews.it\/2012\/02\/finisce-il-grande-gelo-da-mercoledi-temperature-in-rialzo\/96877\/#breadcrumb\",\"itemListElement\":[{\"@type\":\"ListItem\",\"position\":1,\"name\":\"Home\",\"item\":\"https:\/\/www.varesenews.it\/\"},{\"@type\":\"ListItem\",\"position\":2,\"name\":\"Finisce il grande gelo, da mercoled\u00ec temperature in rialzo\"}]},{\"@type\":\"WebSite\",\"@id\":\"https:\/\/staging.varesenews.it\/#website\",\"url\":\"https:\/\/staging.varesenews.it\/\",\"name\":\"VareseNews\",\"description\":\"\",\"potentialAction\":[{\"@type\":\"SearchAction\",\"target\":{\"@type\":\"EntryPoint\",\"urlTemplate\":\"https:\/\/staging.varesenews.it\/?s={search_term_string}\"},\"query-input\":\"required name=search_term_string\"}],\"inLanguage\":\"it-IT\"},{\"@type\":\"Person\",\"@id\":\"https:\/\/staging.varesenews.it\/#\/schema\/person\/fb20c4da0b7b16c291707a20db73e169\",\"name\":\"Redazione VareseNews\",\"image\":{\"@type\":\"ImageObject\",\"inLanguage\":\"it-IT\",\"@id\":\"https:\/\/staging.varesenews.it\/#\/schema\/person\/image\/\",\"url\":\"https:\/\/staging.varesenews.it\/wp-content\/uploads\/2020\/12\/logo_VN_colori_500.png\",\"contentUrl\":\"https:\/\/staging.varesenews.it\/wp-content\/uploads\/2020\/12\/logo_VN_colori_500.png\",\"caption\":\"Redazione VareseNews\"},\"url\":\"https:\/\/staging.varesenews.it\/persona\/redazione1\/\"}]}<\/script>\n<!-- \/ Yoast SEO plugin. -->","yoast_head_json":{"title":"Finisce il grande gelo, da mercoled\u00ec temperature in rialzo","description":"Il ritorno delle temperature nella media non sar\u00e0 immediato e bisogner\u00e0 battere i denti ancora 48 ore. Da mercoled\u00ec rialzo pi\u00f9 decisivo grazie al favonio da nord. Gioved\u00ec si toccheranno i 10 gradi di giorno","robots":{"index":"noindex","follow":"follow","max-snippet":"max-snippet:-1","max-image-preview":"max-image-preview:large","max-video-preview":"max-video-preview:-1"},"og_locale":"it_IT","og_type":"article","og_title":"Finisce il grande gelo, da mercoled\u00ec temperature in rialzo","og_description":"Il ritorno delle temperature nella media non sar\u00e0 immediato e bisogner\u00e0 battere i denti ancora 48 ore. Da mercoled\u00ec rialzo pi\u00f9 decisivo grazie al favonio da nord. Gioved\u00ec si toccheranno i 10 gradi di giorno","og_url":"https:\/\/www.varesenews.it\/2012\/02\/finisce-il-grande-gelo-da-mercoledi-temperature-in-rialzo\/96877\/","og_site_name":"VareseNews","article_publisher":"https:\/\/www.facebook.com\/varesenews","article_published_time":"2012-02-13T00:00:00+00:00","og_image":[{"url":"https:\/\/www3.varesenews.it\/immagini_articoli\/201202\/ghiaccio_4615.jpg"}],"author":"Redazione VareseNews","twitter_card":"summary_large_image","twitter_creator":"@varesenews","twitter_site":"@varesenews","twitter_misc":{"Scritto da":"Redazione VareseNews","Tempo di lettura stimato":"1 minuto"},"schema":{"@context":"https:\/\/schema.org","@graph":[{"@type":"WebPage","@id":"https:\/\/www.varesenews.it\/2012\/02\/finisce-il-grande-gelo-da-mercoledi-temperature-in-rialzo\/96877\/","url":"https:\/\/www.varesenews.it\/2012\/02\/finisce-il-grande-gelo-da-mercoledi-temperature-in-rialzo\/96877\/","name":"Finisce il grande gelo, da mercoled\u00ec temperature in rialzo","isPartOf":{"@id":"https:\/\/staging.varesenews.it\/#website"},"datePublished":"2012-02-13T00:00:00+00:00","dateModified":"2012-02-13T00:00:00+00:00","author":{"@id":"https:\/\/staging.varesenews.it\/#\/schema\/person\/fb20c4da0b7b16c291707a20db73e169"},"description":"Il ritorno delle temperature nella media non sar\u00e0 immediato e bisogner\u00e0 battere i denti ancora 48 ore. Da mercoled\u00ec rialzo pi\u00f9 decisivo grazie al favonio da nord. Gioved\u00ec si toccheranno i 10 gradi di giorno","breadcrumb":{"@id":"https:\/\/www.varesenews.it\/2012\/02\/finisce-il-grande-gelo-da-mercoledi-temperature-in-rialzo\/96877\/#breadcrumb"},"inLanguage":"it-IT","potentialAction":[{"@type":"ReadAction","target":["https:\/\/www.varesenews.it\/2012\/02\/finisce-il-grande-gelo-da-mercoledi-temperature-in-rialzo\/96877\/"]}]},{"@type":"BreadcrumbList","@id":"https:\/\/www.varesenews.it\/2012\/02\/finisce-il-grande-gelo-da-mercoledi-temperature-in-rialzo\/96877\/#breadcrumb","itemListElement":[{"@type":"ListItem","position":1,"name":"Home","item":"https:\/\/www.varesenews.it\/"},{"@type":"ListItem","position":2,"name":"Finisce il grande gelo, da mercoled\u00ec temperature in rialzo"}]},{"@type":"WebSite","@id":"https:\/\/staging.varesenews.it\/#website","url":"https:\/\/staging.varesenews.it\/","name":"VareseNews","description":"","potentialAction":[{"@type":"SearchAction","target":{"@type":"EntryPoint","urlTemplate":"https:\/\/staging.varesenews.it\/?s={search_term_string}"},"query-input":"required name=search_term_string"}],"inLanguage":"it-IT"},{"@type":"Person","@id":"https:\/\/staging.varesenews.it\/#\/schema\/person\/fb20c4da0b7b16c291707a20db73e169","name":"Redazione VareseNews","image":{"@type":"ImageObject","inLanguage":"it-IT","@id":"https:\/\/staging.varesenews.it\/#\/schema\/person\/image\/","url":"https:\/\/staging.varesenews.it\/wp-content\/uploads\/2020\/12\/logo_VN_colori_500.png","contentUrl":"https:\/\/staging.varesenews.it\/wp-content\/uploads\/2020\/12\/logo_VN_colori_500.png","caption":"Redazione VareseNews"},"url":"https:\/\/staging.varesenews.it\/persona\/redazione1\/"}]}},"post_meta":{"id_old":"225590","argomento":"Meteo","id_link_fotogallery":"304220,304221,304222,304230"},"photos":[],"_links":{"self":[{"href":"https:\/\/staging.varesenews.it\/swgapi\/v1\/wp\/v2\/posts\/96877"}],"collection":[{"href":"https:\/\/staging.varesenews.it\/swgapi\/v1\/wp\/v2\/posts"}],"about":[{"href":"https:\/\/staging.varesenews.it\/swgapi\/v1\/wp\/v2\/types\/post"}],"author":[{"embeddable":true,"href":"https:\/\/staging.varesenews.it\/swgapi\/v1\/wp\/v2\/users\/10"}],"replies":[{"embeddable":true,"href":"https:\/\/staging.varesenews.it\/swgapi\/v1\/wp\/v2\/comments?post=96877"}],"version-history":[{"count":0,"href":"https:\/\/staging.varesenews.it\/swgapi\/v1\/wp\/v2\/posts\/96877\/revisions"}],"wp:attachment":[{"href":"https:\/\/staging.varesenews.it\/swgapi\/v1\/wp\/v2\/media?parent=96877"}],"wp:term":[{"taxonomy":"category","embeddable":true,"href":"https:\/\/staging.varesenews.it\/swgapi\/v1\/wp\/v2\/categories?post=96877"},{"taxonomy":"post_tag","embeddable":true,"href":"https:\/\/staging.varesenews.it\/swgapi\/v1\/wp\/v2\/tags?post=96877"}],"curies":[{"name":"wp","href":"https:\/\/api.w.org\/{rel}","templated":true}]}}