{"id":969332,"date":"2020-10-11T14:05:14","date_gmt":"2020-10-11T12:05:14","guid":{"rendered":"https:\/\/www.varesenews.it\/?p=969332"},"modified":"2020-10-11T18:43:02","modified_gmt":"2020-10-11T16:43:02","slug":"gioiello-liberty-sacro-monte-scalea-sommaruga","status":"publish","type":"post","link":"https:\/\/staging.varesenews.it\/2020\/10\/gioiello-liberty-sacro-monte-scalea-sommaruga\/969332\/","title":{"rendered":"Riapre il gioiello liberty del Sacro Monte: la Scalea del Sommaruga \u00e8 tornata agli antichi fasti"},"content":{"rendered":"<p>Il Sacro Monte di <strong>Varese<\/strong> ha un&#8217;attrazione in pi\u00f9 grazie alla restaurazione della Scalea, progettata dall&#8217;architetto<strong> Giuseppe Sommaruga<\/strong>, a Santa Maria del Monte (raggiungibile con la funicolare).<\/p>\n<p>L&#8217;inaugurazione della nuova Scalea \u00e8 avvenuta domenica <strong>11 ottobre<\/strong>, alla presenza del sindaco di Varese, <strong>Davide Galimberti<\/strong>, del presidente del Parco Campo dei Fiori (<strong>Giuseppe Barra<\/strong>) e delle associazioni <strong>Italia Nostra<\/strong> e <strong>Fondazione Comunitaria del Varesotto<\/strong>, che hanno contribuito economicamente all&#8217;opera in collaborazione con l&#8217;amministrazione e con la cittadinanza.<\/p>\n<p>\u00abCi\u00f2 cui assistiamo oggi &#8211; commenta il primo cittadino di Varese &#8211; \u00e8 l&#8217;attuazione di una disposizione per il recupero dei beni comuni: si chiede ai cittadini quali beni recuperare e di contribuire in collaborazione con il comune e le associazioni\u00bb.<\/p>\n<blockquote class=\"wp-embedded-content\" data-secret=\"5TB3NAn8ZQ\"><p><a href=\"https:\/\/www.varesenews.it\/2020\/10\/al-sacro-monte-si-inaugura-la-nuova-scalea-liberty-del-sommaruga\/967916\/\">Al Sacro Monte si inaugura la &#8220;nuova&#8221; Scalea liberty del Sommaruga<\/a><\/p><\/blockquote>\n<p><iframe class=\"wp-embedded-content\" sandbox=\"allow-scripts\" security=\"restricted\" style=\"position: absolute; clip: rect(1px, 1px, 1px, 1px);\" src=\"https:\/\/www.varesenews.it\/2020\/10\/al-sacro-monte-si-inaugura-la-nuova-scalea-liberty-del-sommaruga\/967916\/embed\/#?secret=5TB3NAn8ZQ\" data-secret=\"5TB3NAn8ZQ\" width=\"500\" height=\"282\" title=\"&#8220;Al Sacro Monte si inaugura la &#8220;nuova&#8221; Scalea liberty del Sommaruga&#8221; &#8212; VareseNews\" frameborder=\"0\" marginwidth=\"0\" marginheight=\"0\" scrolling=\"no\"><\/iframe><\/p>\n<p><strong>LA SCALEA E IL PERCORSO DI RESTAURO<\/strong><\/p>\n<p>La Scalea \u00e8 databile al periodo in cui Sommaruga &#8211; il caposcuola italiano dello stile liberty &#8211; oper\u00f2 a Varese realizzando il Gran Hotel Campo dei Fiori \u00a0e il Palace Hotel, dal 1908 al 1914.<\/p>\n<p>Il restauro \u00e8 stato promosso nel 2017, l&#8217;anno del centenario della morte dell&#8217;architetto, da Italia Nostra, che ha promosso una sottoscrizione tra\u00a0soci e suoi simpatizzanti per il restauro della scalea e per far conoscere un\u2019opera dell\u2019architetto Giuseppe Sommaruga praticamente inedita, che versava in uno stato di manutenzione molto carente.\u00a0A questi contributi si sono aggiunti anche quelli della <b>Fondazione Comunitaria del Varesotto<\/b> e del <b>Consiglio Regionale di Italia Nostra<\/b>tramite il \u201c<b>Lascito Monti<\/b>\u201d finalizzato ad opere di restauro in Lombardia.<\/p>\n<p>Il progetto di restauro \u00e8 stato curato dall\u2019architetto <b>Bruno Bosetti<\/b> (Vice-Presidente di Italia Nostra) coadiuvato dall\u2019Ingegner <b>Massimo Propersi<\/b>, ed \u00e8 consistito nel riposizionamento e sigillatura di alcuni gradini e cippi in pietra smossi, nella ripulitura e protezione con apposite tecniche sia dei manufatti in pietra (cippi, gradini) sia di quelli in ferro battuto, che sono da attribuire con ogni probabilit\u00e0 alla bottega del <b>mastro ferraio Mazzucotelli<\/b>, che realizz\u00f2 anche le opere in ferro battuto al <b>Grand Hotel Campo dei Fiori<\/b>, che si stava costruendo nello stesso periodo. I lavori sono stati eseguiti dall\u2019impresa di restauri Ark\u00e8 di Varese.<\/p>\n<p>Quanto all&#8217;iter burocratico &#8211; piuttosto lungo &#8211; si \u00e8s stabilita una convenzione, dato che si trattava di un&#8217;opera realizzata da un privato, \u00e8 stata chiesta l&#8217;approvazione del comune e del Parco Campo dei Fiori.<\/p>\n<p>I lavori sono stati ultimati a dicembre, ma a causa della stagione invernale e del lockdown da <strong>Coronavirus<\/strong> la Scalea non era stata ancora inaugurata.<\/p>\n<p><strong>&#8220;VALORIZZIAMO LO STILE LIBERTY&#8221;<\/strong><\/p>\n<p>Il nuovo volto della Scalea aggiunge valore al liberty di Varese, insieme al Grand Hotel Campo dei Fiori, il Palace e le ville intorno, come afferma il presidente della sezione di Varese di Italia Nostra, <strong>Carlo Mazza<\/strong>:<strong>\u00a0<\/strong>\u00abNoi abbiamo scelto quest&#8217;opera minore per dare inizio a un processo di recupero di questa zona del Sacro Monte; in pi\u00f9 \u00e8 un esempio di restauro cui hanno partecipato i privati e l&#8217;amministrazione\u00bb. Essendo il recupero dei beni culturali una vera e propria missione di Italia Nostra, Mazza e i suoi non potevano non aderire.<\/p>\n","protected":false},"excerpt":{"rendered":"<p>L&#8217;inaugurazione della Scalea restaurata \u00e8 il risultato della sinergia tra l&#8217;amministrazione, i privati cittadini e le associazioni<\/p>\n","protected":false},"author":15866,"featured_media":0,"comment_status":"open","ping_status":"open","sticky":false,"template":"","format":"standard","meta":{"footnotes":""},"categories":[2],"tags":[3017,109435],"acf":[],"yoast_head":"<!-- This site is optimized with the Yoast SEO plugin v20.1 - https:\/\/yoast.com\/wordpress\/plugins\/seo\/ -->\n<title>Riapre il gioiello liberty del Sacro Monte: la Scalea del Sommaruga \u00e8 tornata agli antichi fasti<\/title>\n<meta name=\"description\" content=\"L&#039;inaugurazione della Scalea restaurata \u00e8 il risultato della sinergia tra l&#039;amministrazione, i privati cittadini e le associazioni\" \/>\n<meta name=\"robots\" content=\"noindex, follow, max-snippet:-1, max-image-preview:large, max-video-preview:-1\" \/>\n<meta property=\"og:locale\" content=\"it_IT\" \/>\n<meta property=\"og:type\" content=\"article\" \/>\n<meta property=\"og:title\" content=\"Riapre il gioiello liberty del Sacro Monte: la Scalea del Sommaruga \u00e8 tornata agli antichi fasti\" \/>\n<meta property=\"og:description\" content=\"L&#039;inaugurazione della Scalea restaurata \u00e8 il risultato della sinergia tra l&#039;amministrazione, i privati cittadini e le associazioni\" \/>\n<meta property=\"og:url\" content=\"https:\/\/www.varesenews.it\/2020\/10\/gioiello-liberty-sacro-monte-scalea-sommaruga\/969332\/\" \/>\n<meta property=\"og:site_name\" content=\"VareseNews\" \/>\n<meta property=\"article:publisher\" content=\"https:\/\/www.facebook.com\/varesenews\" \/>\n<meta property=\"article:published_time\" content=\"2020-10-11T12:05:14+00:00\" \/>\n<meta property=\"article:modified_time\" content=\"2020-10-11T16:43:02+00:00\" \/>\n<meta name=\"author\" content=\"Nicole Erbetti\" \/>\n<meta name=\"twitter:card\" content=\"summary_large_image\" \/>\n<meta name=\"twitter:creator\" content=\"@varesenews\" \/>\n<meta name=\"twitter:site\" content=\"@varesenews\" \/>\n<meta name=\"twitter:label1\" content=\"Scritto da\" \/>\n\t<meta name=\"twitter:data1\" content=\"Nicole Erbetti\" \/>\n\t<meta name=\"twitter:label2\" content=\"Tempo di lettura stimato\" \/>\n\t<meta name=\"twitter:data2\" content=\"2 minuti\" \/>\n<script type=\"application\/ld+json\" class=\"yoast-schema-graph\">{\"@context\":\"https:\/\/schema.org\",\"@graph\":[{\"@type\":\"WebPage\",\"@id\":\"https:\/\/www.varesenews.it\/2020\/10\/gioiello-liberty-sacro-monte-scalea-sommaruga\/969332\/\",\"url\":\"https:\/\/www.varesenews.it\/2020\/10\/gioiello-liberty-sacro-monte-scalea-sommaruga\/969332\/\",\"name\":\"Riapre il gioiello liberty del Sacro Monte: la Scalea del Sommaruga \u00e8 tornata agli antichi fasti\",\"isPartOf\":{\"@id\":\"https:\/\/staging.varesenews.it\/#website\"},\"datePublished\":\"2020-10-11T12:05:14+00:00\",\"dateModified\":\"2020-10-11T16:43:02+00:00\",\"author\":{\"@id\":\"https:\/\/staging.varesenews.it\/#\/schema\/person\/8b180378471627e56865b54b75644650\"},\"description\":\"L'inaugurazione della Scalea restaurata \u00e8 il risultato della sinergia tra l'amministrazione, i privati cittadini e le associazioni\",\"breadcrumb\":{\"@id\":\"https:\/\/www.varesenews.it\/2020\/10\/gioiello-liberty-sacro-monte-scalea-sommaruga\/969332\/#breadcrumb\"},\"inLanguage\":\"it-IT\",\"potentialAction\":[{\"@type\":\"ReadAction\",\"target\":[\"https:\/\/www.varesenews.it\/2020\/10\/gioiello-liberty-sacro-monte-scalea-sommaruga\/969332\/\"]}]},{\"@type\":\"BreadcrumbList\",\"@id\":\"https:\/\/www.varesenews.it\/2020\/10\/gioiello-liberty-sacro-monte-scalea-sommaruga\/969332\/#breadcrumb\",\"itemListElement\":[{\"@type\":\"ListItem\",\"position\":1,\"name\":\"Home\",\"item\":\"https:\/\/www.varesenews.it\/\"},{\"@type\":\"ListItem\",\"position\":2,\"name\":\"Riapre il gioiello liberty del Sacro Monte: la Scalea del Sommaruga \u00e8 tornata agli antichi fasti\"}]},{\"@type\":\"WebSite\",\"@id\":\"https:\/\/staging.varesenews.it\/#website\",\"url\":\"https:\/\/staging.varesenews.it\/\",\"name\":\"VareseNews\",\"description\":\"\",\"potentialAction\":[{\"@type\":\"SearchAction\",\"target\":{\"@type\":\"EntryPoint\",\"urlTemplate\":\"https:\/\/staging.varesenews.it\/?s={search_term_string}\"},\"query-input\":\"required name=search_term_string\"}],\"inLanguage\":\"it-IT\"},{\"@type\":\"Person\",\"@id\":\"https:\/\/staging.varesenews.it\/#\/schema\/person\/8b180378471627e56865b54b75644650\",\"name\":\"Nicole Erbetti\",\"image\":{\"@type\":\"ImageObject\",\"inLanguage\":\"it-IT\",\"@id\":\"https:\/\/staging.varesenews.it\/#\/schema\/person\/image\/\",\"url\":\"https:\/\/staging.varesenews.it\/wp-content\/uploads\/2020\/12\/nicole_erbetti_colori_500.jpg\",\"contentUrl\":\"https:\/\/staging.varesenews.it\/wp-content\/uploads\/2020\/12\/nicole_erbetti_colori_500.jpg\",\"caption\":\"Nicole Erbetti\"},\"description\":\"Classe 1995 e una laurea in Lettere. \u201cNata\u201d a VareseNews nel 2019 e co-responsabile di MalpensaNews. Mi occupo di cronaca politica e di storie in quella biosfera a met\u00e0 tra la vecchia anima provinciale e la Milano metropolitana che \u00e8 il gallaratese: insomma, \u00e8 un po\u2019 in bilico come me. Quando non scrivo leggo, recito, contemplo il Lago Maggiore o scappo in un paesaggio alpino.\u00a0\",\"url\":\"https:\/\/staging.varesenews.it\/persona\/nicole-erbetti\/\"}]}<\/script>\n<!-- \/ Yoast SEO plugin. -->","yoast_head_json":{"title":"Riapre il gioiello liberty del Sacro Monte: la Scalea del Sommaruga \u00e8 tornata agli antichi fasti","description":"L'inaugurazione della Scalea restaurata \u00e8 il risultato della sinergia tra l'amministrazione, i privati cittadini e le associazioni","robots":{"index":"noindex","follow":"follow","max-snippet":"max-snippet:-1","max-image-preview":"max-image-preview:large","max-video-preview":"max-video-preview:-1"},"og_locale":"it_IT","og_type":"article","og_title":"Riapre il gioiello liberty del Sacro Monte: la Scalea del Sommaruga \u00e8 tornata agli antichi fasti","og_description":"L'inaugurazione della Scalea restaurata \u00e8 il risultato della sinergia tra l'amministrazione, i privati cittadini e le associazioni","og_url":"https:\/\/www.varesenews.it\/2020\/10\/gioiello-liberty-sacro-monte-scalea-sommaruga\/969332\/","og_site_name":"VareseNews","article_publisher":"https:\/\/www.facebook.com\/varesenews","article_published_time":"2020-10-11T12:05:14+00:00","article_modified_time":"2020-10-11T16:43:02+00:00","author":"Nicole Erbetti","twitter_card":"summary_large_image","twitter_creator":"@varesenews","twitter_site":"@varesenews","twitter_misc":{"Scritto da":"Nicole Erbetti","Tempo di lettura stimato":"2 minuti"},"schema":{"@context":"https:\/\/schema.org","@graph":[{"@type":"WebPage","@id":"https:\/\/www.varesenews.it\/2020\/10\/gioiello-liberty-sacro-monte-scalea-sommaruga\/969332\/","url":"https:\/\/www.varesenews.it\/2020\/10\/gioiello-liberty-sacro-monte-scalea-sommaruga\/969332\/","name":"Riapre il gioiello liberty del Sacro Monte: la Scalea del Sommaruga \u00e8 tornata agli antichi fasti","isPartOf":{"@id":"https:\/\/staging.varesenews.it\/#website"},"datePublished":"2020-10-11T12:05:14+00:00","dateModified":"2020-10-11T16:43:02+00:00","author":{"@id":"https:\/\/staging.varesenews.it\/#\/schema\/person\/8b180378471627e56865b54b75644650"},"description":"L'inaugurazione della Scalea restaurata \u00e8 il risultato della sinergia tra l'amministrazione, i privati cittadini e le associazioni","breadcrumb":{"@id":"https:\/\/www.varesenews.it\/2020\/10\/gioiello-liberty-sacro-monte-scalea-sommaruga\/969332\/#breadcrumb"},"inLanguage":"it-IT","potentialAction":[{"@type":"ReadAction","target":["https:\/\/www.varesenews.it\/2020\/10\/gioiello-liberty-sacro-monte-scalea-sommaruga\/969332\/"]}]},{"@type":"BreadcrumbList","@id":"https:\/\/www.varesenews.it\/2020\/10\/gioiello-liberty-sacro-monte-scalea-sommaruga\/969332\/#breadcrumb","itemListElement":[{"@type":"ListItem","position":1,"name":"Home","item":"https:\/\/www.varesenews.it\/"},{"@type":"ListItem","position":2,"name":"Riapre il gioiello liberty del Sacro Monte: la Scalea del Sommaruga \u00e8 tornata agli antichi fasti"}]},{"@type":"WebSite","@id":"https:\/\/staging.varesenews.it\/#website","url":"https:\/\/staging.varesenews.it\/","name":"VareseNews","description":"","potentialAction":[{"@type":"SearchAction","target":{"@type":"EntryPoint","urlTemplate":"https:\/\/staging.varesenews.it\/?s={search_term_string}"},"query-input":"required name=search_term_string"}],"inLanguage":"it-IT"},{"@type":"Person","@id":"https:\/\/staging.varesenews.it\/#\/schema\/person\/8b180378471627e56865b54b75644650","name":"Nicole Erbetti","image":{"@type":"ImageObject","inLanguage":"it-IT","@id":"https:\/\/staging.varesenews.it\/#\/schema\/person\/image\/","url":"https:\/\/staging.varesenews.it\/wp-content\/uploads\/2020\/12\/nicole_erbetti_colori_500.jpg","contentUrl":"https:\/\/staging.varesenews.it\/wp-content\/uploads\/2020\/12\/nicole_erbetti_colori_500.jpg","caption":"Nicole Erbetti"},"description":"Classe 1995 e una laurea in Lettere. \u201cNata\u201d a VareseNews nel 2019 e co-responsabile di MalpensaNews. Mi occupo di cronaca politica e di storie in quella biosfera a met\u00e0 tra la vecchia anima provinciale e la Milano metropolitana che \u00e8 il gallaratese: insomma, \u00e8 un po\u2019 in bilico come me. Quando non scrivo leggo, recito, contemplo il Lago Maggiore o scappo in un paesaggio alpino.\u00a0","url":"https:\/\/staging.varesenews.it\/persona\/nicole-erbetti\/"}]}},"post_meta":{"_edit_lock":"1602435322:52","_edit_last":"52","_oembed_9c63e28794b93b13e8d02348fd38f5cf":"<blockquote class=\"wp-embedded-content\" data-secret=\"5TB3NAn8ZQ\"><a href=\"https:\/\/www.varesenews.it\/2020\/10\/al-sacro-monte-si-inaugura-la-nuova-scalea-liberty-del-sommaruga\/967916\/\">Al Sacro Monte si inaugura la &#8220;nuova&#8221; Scalea liberty del Sommaruga<\/a><\/blockquote><iframe class=\"wp-embedded-content\" sandbox=\"allow-scripts\" security=\"restricted\" style=\"position: absolute; clip: rect(1px, 1px, 1px, 1px);\" src=\"https:\/\/www.varesenews.it\/2020\/10\/al-sacro-monte-si-inaugura-la-nuova-scalea-liberty-del-sommaruga\/967916\/embed\/#?secret=5TB3NAn8ZQ\" data-secret=\"5TB3NAn8ZQ\" width=\"500\" height=\"282\" title=\"&#8220;Al Sacro Monte si inaugura la &#8220;nuova&#8221; Scalea liberty del Sommaruga&#8221; &#8212; VareseNews\" frameborder=\"0\" marginwidth=\"0\" marginheight=\"0\" scrolling=\"no\"><\/iframe>","_oembed_time_9c63e28794b93b13e8d02348fd38f5cf":"1602416819","_category_permalink":"a:1:{s:8:\"category\";s:0:\"\";}","foto":"1180761","id_link_fotogallery":"969357","argomento":"Varese","_yoast_wpseo_focuskw_text_input":"Scalea","_yoast_wpseo_focuskw":"Scalea","_yoast_wpseo_linkdex":"73","_yoast_wpseo_content_score":"30","_jd_tweet_this":"yes","_encloseme":"1","ratings_users":"0","ratings_score":"0","ratings_average":"0","_wpt_short_url":"https:\/\/www.varesenews.it\/2020\/10\/gioiello-liberty-sacro-monte-scalea-sommaruga\/969332\/","_wp_jd_target":"https:\/\/www.varesenews.it\/2020\/10\/gioiello-liberty-sacro-monte-scalea-sommaruga\/969332\/","_jd_wp_twitter":"a:1:{i:0;s:186:\"Riapre il gioiello liberty del Sacro Monte: la Scalea del Sommaruga \u00e8 tornata agli antichi fasti https:\/\/www.varesenews.it\/2020\/10\/gioiello-liberty-sacro-monte-scalea-sommaruga\/969332\/ \";}","_wpt_status_message":"Tweet inviato con successo."},"photos":[{"original":"https:\/\/staging.varesenews.it\/photogallery_new\/images\/2020\/10\/scalea-del-sommaruga-al-sacro-monte-1180761.jpg","full":"https:\/\/staging.varesenews.it\/photogallery_new\/images\/2020\/10\/scalea-del-sommaruga-al-sacro-monte-1180761.1024x768.jpg","large":"https:\/\/staging.varesenews.it\/photogallery_new\/images\/2020\/10\/scalea-del-sommaruga-al-sacro-monte-1180761.610x431.jpg"}],"_links":{"self":[{"href":"https:\/\/staging.varesenews.it\/swgapi\/v1\/wp\/v2\/posts\/969332"}],"collection":[{"href":"https:\/\/staging.varesenews.it\/swgapi\/v1\/wp\/v2\/posts"}],"about":[{"href":"https:\/\/staging.varesenews.it\/swgapi\/v1\/wp\/v2\/types\/post"}],"author":[{"embeddable":true,"href":"https:\/\/staging.varesenews.it\/swgapi\/v1\/wp\/v2\/users\/15866"}],"replies":[{"embeddable":true,"href":"https:\/\/staging.varesenews.it\/swgapi\/v1\/wp\/v2\/comments?post=969332"}],"version-history":[{"count":0,"href":"https:\/\/staging.varesenews.it\/swgapi\/v1\/wp\/v2\/posts\/969332\/revisions"}],"wp:attachment":[{"href":"https:\/\/staging.varesenews.it\/swgapi\/v1\/wp\/v2\/media?parent=969332"}],"wp:term":[{"taxonomy":"category","embeddable":true,"href":"https:\/\/staging.varesenews.it\/swgapi\/v1\/wp\/v2\/categories?post=969332"},{"taxonomy":"post_tag","embeddable":true,"href":"https:\/\/staging.varesenews.it\/swgapi\/v1\/wp\/v2\/tags?post=969332"}],"curies":[{"name":"wp","href":"https:\/\/api.w.org\/{rel}","templated":true}]}}