{"id":97954,"date":"2012-01-31T00:00:00","date_gmt":"2012-01-31T00:00:00","guid":{"rendered":""},"modified":"2012-01-31T00:00:00","modified_gmt":"2012-01-31T00:00:00","slug":"il-toner-e-nocivo-non-e-certo-ma-e-meglio-stare-attenti","status":"publish","type":"post","link":"https:\/\/staging.varesenews.it\/2012\/01\/il-toner-e-nocivo-non-e-certo-ma-e-meglio-stare-attenti\/97954\/","title":{"rendered":"Il toner \u00e8 nocivo? Non \u00e8 certo, ma \u00e8 meglio stare attenti"},"content":{"rendered":"<p><img loading=\"lazy\" decoding=\"async\" align=\"left\" width=\"250\" vspace=\"5\" hspace=\"5\" height=\"200\" src=\"https:\/\/www3.varesenews.it\/immagini_articoli\/200505\/stampante.jpg\" alt=\"Fotocopiatrice\" \/>Nocive, tossiche o innocue? <strong>Stampanti e fotocopiatrici <\/strong>finiscono regolarmente sotto i riflettori della sanit&agrave;. Al centro delle preoccupazioni sono quelle <strong>polveri sottili rilasciate nell&#8217;aria a ogni uso.<\/strong><br \/>\nCos&igrave; necessarie per il lavoro quotidiando, queste macchine sono davvero pericolose per la nostra salute? Lo abbiamo chiesto a due medici del<strong>l&#8217;Ospedale di Varese: all&#8217;urologo Alberto Marconi e allo pneumologo Fausto Colombo<\/strong><br \/>\n&laquo;Un po&#8217; di preoccupazione c&#8217;&egrave; ma non possiamo pensare a una vera malattia &#8211; spiega il <strong>dottor Colombo <\/strong>&#8211; <strong>Gli studi condotti fino ad oggi non hanno evidenziato alcuna relazione<\/strong> sicura tra tumore e polveri. La questione, per&ograve;, &egrave; ancora aperta ed &egrave; quindi bene non sottovalutarla. Per esempio, chi accusa <strong>riniti, asma o dermatiti <\/strong>quando si trova in un ambiente dove queste macchine sono in funzione, &egrave; bene che non sottovaluti la tossicit&agrave; dell&#8217;esposizione e lo segnali al proprio medico. Ritengo che sia una questione soggettiva: <strong>nei soggetti predisposti, il pulviscolo rilasciato pu&ograve; agire come causa scatenante <\/strong>. Ci sono, poi, i casi di <strong>sovraesposizione<\/strong>, nei soggetti che stanno a lungo a contatto con il toner. Ricordiamoci che il pulviscolo spesso penetra nel nostro oragnismo attraverso l&#8217;apparato respiratorio fino ad arrivare agli alveoli creando episodi infiammatori che rischiano di cronicizzarsi. <strong>Il mio consiglio &egrave; quello di bonificare bene l&#8217;aria appena si accusano disturbi alle vie respiratorie<\/strong>. Nel caso le fotocopiatrici fossero molto grandi e lavorassero parecchio &egrave; il caso di collocarle in spazi separati e farne regolare manutenzione. Ricordare, inoltre, di manipolare il toner con cautela e di<strong> lavarsi bene le mani con acqua fredda<\/strong>, perch&egrave; quella calda rende le mani appiccicose e il pulviscolo entra nei pori&raquo;.<\/p>\n<p>Attenzione, ma senza esagerare, &egrave; quella che invita a porre anche il <strong>primario di urologia Alberto Marconi:<\/strong> &laquo; L&#8217;elemento nocivo dei toner &egrave; il &quot;<strong>nerofumo<\/strong>&quot;, sostanza gi&agrave; conosciuta ai portuali di Genova che sollevarono il caso denunciando diversi casi di <strong>tumore alla vescica<\/strong>. Gli epidemiologi dell&#8217;istituto di Genova dimostrarono la correlazione tra questa sostanza, che veniva trasportata in sacchi di carta spesso rotti, e i casi tumorali. Il problema &egrave; che questi tumori hanno un&#8217;evoluzione molto lenta, anche oltre dieci anni. Dimostrare il nesso di causalit&agrave; diventa, quindi, molto difficile. Il nerofumo &egrave; un materiale composto di carbone polverizzato prodotto da una pirolisi controllata di idrocarburi.&nbsp; Stampanti laser e fotocopiatrici sono apparecchiature in grado di produrre polveri ultrasottili nocive, gas volatili organici (benzene, formaldeide, ozono etc.) e materiali di abrasione come selenio, cadmio, nichel e polveri di toner. Data la enorme diffusione di tali apparecchiature, l&rsquo;aria respirata diventa pi&ugrave; inquinata rispetto all&rsquo;aria esterna. Una ricerca scientifica australiana, pubblicata sulla rivista dell&rsquo;American Chemical Society, ha detto che lavorare accanto a una stampante o a una fotocopiatrice in funzione, equivale a inalare fumi di sigaretta o a respirare gas di scarico di ingorgo stradale. nel caso di Genova, per&ograve;, il tumore deriv&ograve; non da inalazione ma da <strong>assorbimento cutaneo<\/strong>&raquo;.<br type=\"_moz\" \/><\/p>\n","protected":false},"excerpt":{"rendered":"<p>Lo pneumologo Colombo e l&#8217;urologo Marconi spiegano gli effetti delle polveri rilasciate nell&#8217;aria da stampanti e fotocopiatrici. Qualche consiglio per limitare i problemi<\/p>\n","protected":false},"author":10,"featured_media":0,"comment_status":"open","ping_status":"open","sticky":false,"template":"","format":"standard","meta":{"footnotes":""},"categories":[24],"tags":[613,113,268],"acf":[],"yoast_head":"<!-- This site is optimized with the Yoast SEO plugin v20.1 - https:\/\/yoast.com\/wordpress\/plugins\/seo\/ -->\n<title>Il toner \u00e8 nocivo? Non \u00e8 certo, ma \u00e8 meglio stare attenti<\/title>\n<meta name=\"description\" content=\"Lo pneumologo Colombo e l&#039;urologo Marconi spiegano gli effetti delle polveri rilasciate nell&#039;aria da stampanti e fotocopiatrici. Qualche consiglio per limitare i problemi\" \/>\n<meta name=\"robots\" content=\"noindex, follow, max-snippet:-1, max-image-preview:large, max-video-preview:-1\" \/>\n<meta property=\"og:locale\" content=\"it_IT\" \/>\n<meta property=\"og:type\" content=\"article\" \/>\n<meta property=\"og:title\" content=\"Il toner \u00e8 nocivo? Non \u00e8 certo, ma \u00e8 meglio stare attenti\" \/>\n<meta property=\"og:description\" content=\"Lo pneumologo Colombo e l&#039;urologo Marconi spiegano gli effetti delle polveri rilasciate nell&#039;aria da stampanti e fotocopiatrici. Qualche consiglio per limitare i problemi\" \/>\n<meta property=\"og:url\" content=\"https:\/\/staging.varesenews.it\/2012\/01\/il-toner-e-nocivo-non-e-certo-ma-e-meglio-stare-attenti\/97954\/\" \/>\n<meta property=\"og:site_name\" content=\"VareseNews\" \/>\n<meta property=\"article:publisher\" content=\"https:\/\/www.facebook.com\/varesenews\" \/>\n<meta property=\"article:published_time\" content=\"2012-01-31T00:00:00+00:00\" \/>\n<meta property=\"og:image\" content=\"https:\/\/www3.varesenews.it\/immagini_articoli\/200505\/stampante.jpg\" \/>\n<meta name=\"author\" content=\"Redazione VareseNews\" \/>\n<meta name=\"twitter:card\" content=\"summary_large_image\" \/>\n<meta name=\"twitter:creator\" content=\"@varesenews\" \/>\n<meta name=\"twitter:site\" content=\"@varesenews\" \/>\n<meta name=\"twitter:label1\" content=\"Scritto da\" \/>\n\t<meta name=\"twitter:data1\" content=\"Redazione VareseNews\" \/>\n\t<meta name=\"twitter:label2\" content=\"Tempo di lettura stimato\" \/>\n\t<meta name=\"twitter:data2\" content=\"2 minuti\" \/>\n<script type=\"application\/ld+json\" class=\"yoast-schema-graph\">{\"@context\":\"https:\/\/schema.org\",\"@graph\":[{\"@type\":\"WebPage\",\"@id\":\"https:\/\/staging.varesenews.it\/2012\/01\/il-toner-e-nocivo-non-e-certo-ma-e-meglio-stare-attenti\/97954\/\",\"url\":\"https:\/\/staging.varesenews.it\/2012\/01\/il-toner-e-nocivo-non-e-certo-ma-e-meglio-stare-attenti\/97954\/\",\"name\":\"Il toner \u00e8 nocivo? Non \u00e8 certo, ma \u00e8 meglio stare attenti\",\"isPartOf\":{\"@id\":\"https:\/\/staging.varesenews.it\/#website\"},\"datePublished\":\"2012-01-31T00:00:00+00:00\",\"dateModified\":\"2012-01-31T00:00:00+00:00\",\"author\":{\"@id\":\"https:\/\/staging.varesenews.it\/#\/schema\/person\/fb20c4da0b7b16c291707a20db73e169\"},\"description\":\"Lo pneumologo Colombo e l'urologo Marconi spiegano gli effetti delle polveri rilasciate nell'aria da stampanti e fotocopiatrici. Qualche consiglio per limitare i problemi\",\"breadcrumb\":{\"@id\":\"https:\/\/staging.varesenews.it\/2012\/01\/il-toner-e-nocivo-non-e-certo-ma-e-meglio-stare-attenti\/97954\/#breadcrumb\"},\"inLanguage\":\"it-IT\",\"potentialAction\":[{\"@type\":\"ReadAction\",\"target\":[\"https:\/\/staging.varesenews.it\/2012\/01\/il-toner-e-nocivo-non-e-certo-ma-e-meglio-stare-attenti\/97954\/\"]}]},{\"@type\":\"BreadcrumbList\",\"@id\":\"https:\/\/staging.varesenews.it\/2012\/01\/il-toner-e-nocivo-non-e-certo-ma-e-meglio-stare-attenti\/97954\/#breadcrumb\",\"itemListElement\":[{\"@type\":\"ListItem\",\"position\":1,\"name\":\"Home\",\"item\":\"https:\/\/www.varesenews.it\/\"},{\"@type\":\"ListItem\",\"position\":2,\"name\":\"Il toner \u00e8 nocivo? Non \u00e8 certo, ma \u00e8 meglio stare attenti\"}]},{\"@type\":\"WebSite\",\"@id\":\"https:\/\/staging.varesenews.it\/#website\",\"url\":\"https:\/\/staging.varesenews.it\/\",\"name\":\"VareseNews\",\"description\":\"\",\"potentialAction\":[{\"@type\":\"SearchAction\",\"target\":{\"@type\":\"EntryPoint\",\"urlTemplate\":\"https:\/\/staging.varesenews.it\/?s={search_term_string}\"},\"query-input\":\"required name=search_term_string\"}],\"inLanguage\":\"it-IT\"},{\"@type\":\"Person\",\"@id\":\"https:\/\/staging.varesenews.it\/#\/schema\/person\/fb20c4da0b7b16c291707a20db73e169\",\"name\":\"Redazione VareseNews\",\"image\":{\"@type\":\"ImageObject\",\"inLanguage\":\"it-IT\",\"@id\":\"https:\/\/staging.varesenews.it\/#\/schema\/person\/image\/\",\"url\":\"https:\/\/staging.varesenews.it\/wp-content\/uploads\/2020\/12\/logo_VN_colori_500.png\",\"contentUrl\":\"https:\/\/staging.varesenews.it\/wp-content\/uploads\/2020\/12\/logo_VN_colori_500.png\",\"caption\":\"Redazione VareseNews\"},\"url\":\"https:\/\/staging.varesenews.it\/persona\/redazione1\/\"}]}<\/script>\n<!-- \/ Yoast SEO plugin. -->","yoast_head_json":{"title":"Il toner \u00e8 nocivo? Non \u00e8 certo, ma \u00e8 meglio stare attenti","description":"Lo pneumologo Colombo e l'urologo Marconi spiegano gli effetti delle polveri rilasciate nell'aria da stampanti e fotocopiatrici. Qualche consiglio per limitare i problemi","robots":{"index":"noindex","follow":"follow","max-snippet":"max-snippet:-1","max-image-preview":"max-image-preview:large","max-video-preview":"max-video-preview:-1"},"og_locale":"it_IT","og_type":"article","og_title":"Il toner \u00e8 nocivo? Non \u00e8 certo, ma \u00e8 meglio stare attenti","og_description":"Lo pneumologo Colombo e l'urologo Marconi spiegano gli effetti delle polveri rilasciate nell'aria da stampanti e fotocopiatrici. Qualche consiglio per limitare i problemi","og_url":"https:\/\/staging.varesenews.it\/2012\/01\/il-toner-e-nocivo-non-e-certo-ma-e-meglio-stare-attenti\/97954\/","og_site_name":"VareseNews","article_publisher":"https:\/\/www.facebook.com\/varesenews","article_published_time":"2012-01-31T00:00:00+00:00","og_image":[{"url":"https:\/\/www3.varesenews.it\/immagini_articoli\/200505\/stampante.jpg"}],"author":"Redazione VareseNews","twitter_card":"summary_large_image","twitter_creator":"@varesenews","twitter_site":"@varesenews","twitter_misc":{"Scritto da":"Redazione VareseNews","Tempo di lettura stimato":"2 minuti"},"schema":{"@context":"https:\/\/schema.org","@graph":[{"@type":"WebPage","@id":"https:\/\/staging.varesenews.it\/2012\/01\/il-toner-e-nocivo-non-e-certo-ma-e-meglio-stare-attenti\/97954\/","url":"https:\/\/staging.varesenews.it\/2012\/01\/il-toner-e-nocivo-non-e-certo-ma-e-meglio-stare-attenti\/97954\/","name":"Il toner \u00e8 nocivo? Non \u00e8 certo, ma \u00e8 meglio stare attenti","isPartOf":{"@id":"https:\/\/staging.varesenews.it\/#website"},"datePublished":"2012-01-31T00:00:00+00:00","dateModified":"2012-01-31T00:00:00+00:00","author":{"@id":"https:\/\/staging.varesenews.it\/#\/schema\/person\/fb20c4da0b7b16c291707a20db73e169"},"description":"Lo pneumologo Colombo e l'urologo Marconi spiegano gli effetti delle polveri rilasciate nell'aria da stampanti e fotocopiatrici. Qualche consiglio per limitare i problemi","breadcrumb":{"@id":"https:\/\/staging.varesenews.it\/2012\/01\/il-toner-e-nocivo-non-e-certo-ma-e-meglio-stare-attenti\/97954\/#breadcrumb"},"inLanguage":"it-IT","potentialAction":[{"@type":"ReadAction","target":["https:\/\/staging.varesenews.it\/2012\/01\/il-toner-e-nocivo-non-e-certo-ma-e-meglio-stare-attenti\/97954\/"]}]},{"@type":"BreadcrumbList","@id":"https:\/\/staging.varesenews.it\/2012\/01\/il-toner-e-nocivo-non-e-certo-ma-e-meglio-stare-attenti\/97954\/#breadcrumb","itemListElement":[{"@type":"ListItem","position":1,"name":"Home","item":"https:\/\/www.varesenews.it\/"},{"@type":"ListItem","position":2,"name":"Il toner \u00e8 nocivo? Non \u00e8 certo, ma \u00e8 meglio stare attenti"}]},{"@type":"WebSite","@id":"https:\/\/staging.varesenews.it\/#website","url":"https:\/\/staging.varesenews.it\/","name":"VareseNews","description":"","potentialAction":[{"@type":"SearchAction","target":{"@type":"EntryPoint","urlTemplate":"https:\/\/staging.varesenews.it\/?s={search_term_string}"},"query-input":"required name=search_term_string"}],"inLanguage":"it-IT"},{"@type":"Person","@id":"https:\/\/staging.varesenews.it\/#\/schema\/person\/fb20c4da0b7b16c291707a20db73e169","name":"Redazione VareseNews","image":{"@type":"ImageObject","inLanguage":"it-IT","@id":"https:\/\/staging.varesenews.it\/#\/schema\/person\/image\/","url":"https:\/\/staging.varesenews.it\/wp-content\/uploads\/2020\/12\/logo_VN_colori_500.png","contentUrl":"https:\/\/staging.varesenews.it\/wp-content\/uploads\/2020\/12\/logo_VN_colori_500.png","caption":"Redazione VareseNews"},"url":"https:\/\/staging.varesenews.it\/persona\/redazione1\/"}]}},"post_meta":{"id_old":"224494","argomento":"Sanit\u00e0","autore_old":"A.T."},"photos":[],"_links":{"self":[{"href":"https:\/\/staging.varesenews.it\/swgapi\/v1\/wp\/v2\/posts\/97954"}],"collection":[{"href":"https:\/\/staging.varesenews.it\/swgapi\/v1\/wp\/v2\/posts"}],"about":[{"href":"https:\/\/staging.varesenews.it\/swgapi\/v1\/wp\/v2\/types\/post"}],"author":[{"embeddable":true,"href":"https:\/\/staging.varesenews.it\/swgapi\/v1\/wp\/v2\/users\/10"}],"replies":[{"embeddable":true,"href":"https:\/\/staging.varesenews.it\/swgapi\/v1\/wp\/v2\/comments?post=97954"}],"version-history":[{"count":0,"href":"https:\/\/staging.varesenews.it\/swgapi\/v1\/wp\/v2\/posts\/97954\/revisions"}],"wp:attachment":[{"href":"https:\/\/staging.varesenews.it\/swgapi\/v1\/wp\/v2\/media?parent=97954"}],"wp:term":[{"taxonomy":"category","embeddable":true,"href":"https:\/\/staging.varesenews.it\/swgapi\/v1\/wp\/v2\/categories?post=97954"},{"taxonomy":"post_tag","embeddable":true,"href":"https:\/\/staging.varesenews.it\/swgapi\/v1\/wp\/v2\/tags?post=97954"}],"curies":[{"name":"wp","href":"https:\/\/api.w.org\/{rel}","templated":true}]}}